{"id":2768,"date":"2020-02-11T10:53:29","date_gmt":"2020-02-11T09:53:29","guid":{"rendered":"https:\/\/muzeum.ostroleka.pl\/?p=2768"},"modified":"2020-02-13T12:01:22","modified_gmt":"2020-02-13T11:01:22","slug":"ferie-w-muzeum-rozpoczete","status":"publish","type":"post","link":"https:\/\/muzeum.ostroleka.pl\/?p=2768","title":{"rendered":"Ferie w Muzeum rozpocz\u0119te"},"content":{"rendered":"<p>Pierwszy dzie\u0144 ferii w Muzeum za nami. W dniu wczorajszym dzieci rozpocz\u0119\u0142y tworzenie w\u0142asnej ksi\u0105\u017cki w formie lapbooka, rozwi\u0105zywa\u0142y zagadki oraz zwiedza\u0142y niezwyk\u0142\u0105 wystaw\u0119 ksi\u0105\u017cki.<\/p>\nngg_shortcode_0_placeholder\n","protected":false},"excerpt":{"rendered":"<p>Pierwszy dzie\u0144 ferii w Muzeum za nami. W dniu wczorajszym dzieci rozpocz\u0119\u0142y tworzenie w\u0142asnej ksi\u0105\u017cki w formie lapbooka, rozwi\u0105zywa\u0142y zagadki oraz zwiedza\u0142y niezwyk\u0142\u0105 wystaw\u0119 ksi\u0105\u017cki.<\/p>\n","protected":false},"author":3,"featured_media":2798,"comment_status":"open","ping_status":"open","sticky":false,"template":"","format":"standard","meta":{"_acf_changed":false,"_lmt_disableupdate":"","_lmt_disable":"","_monsterinsights_skip_tracking":false,"_monsterinsights_sitenote_active":false,"_monsterinsights_sitenote_note":"","_monsterinsights_sitenote_category":0,"ngg_post_thumbnail":0,"footnotes":""},"categories":[3],"tags":[],"class_list":["post-2768","post","type-post","status-publish","format-standard","has-post-thumbnail","hentry","category-aktualnosci"],"acf":[],"modified_by":"Daniel Go\u0142a\u015b","_links":{"self":[{"href":"https:\/\/muzeum.ostroleka.pl\/index.php?rest_route=\/wp\/v2\/posts\/2768","targetHints":{"allow":["GET"]}}],"collection":[{"href":"https:\/\/muzeum.ostroleka.pl\/index.php?rest_route=\/wp\/v2\/posts"}],"about":[{"href":"https:\/\/muzeum.ostroleka.pl\/index.php?rest_route=\/wp\/v2\/types\/post"}],"author":[{"embeddable":true,"href":"https:\/\/muzeum.ostroleka.pl\/index.php?rest_route=\/wp\/v2\/users\/3"}],"replies":[{"embeddable":true,"href":"https:\/\/muzeum.ostroleka.pl\/index.php?rest_route=%2Fwp%2Fv2%2Fcomments&post=2768"}],"version-history":[{"count":1,"href":"https:\/\/muzeum.ostroleka.pl\/index.php?rest_route=\/wp\/v2\/posts\/2768\/revisions"}],"predecessor-version":[{"id":2775,"href":"https:\/\/muzeum.ostroleka.pl\/index.php?rest_route=\/wp\/v2\/posts\/2768\/revisions\/2775"}],"wp:featuredmedia":[{"embeddable":true,"href":"https:\/\/muzeum.ostroleka.pl\/index.php?rest_route=\/wp\/v2\/media\/2798"}],"wp:attachment":[{"href":"https:\/\/muzeum.ostroleka.pl\/index.php?rest_route=%2Fwp%2Fv2%2Fmedia&parent=2768"}],"wp:term":[{"taxonomy":"category","embeddable":true,"href":"https:\/\/muzeum.ostroleka.pl\/index.php?rest_route=%2Fwp%2Fv2%2Fcategories&post=2768"},{"taxonomy":"post_tag","embeddable":true,"href":"https:\/\/muzeum.ostroleka.pl\/index.php?rest_route=%2Fwp%2Fv2%2Ftags&post=2768"}],"curies":[{"name":"wp","href":"https:\/\/api.w.org\/{rel}","templated":true}]}}