{"id":2818,"date":"2020-02-14T14:10:01","date_gmt":"2020-02-14T13:10:01","guid":{"rendered":"https:\/\/muzeum.ostroleka.pl\/?p=2818"},"modified":"2020-02-14T14:10:01","modified_gmt":"2020-02-14T13:10:01","slug":"pierwszy-tydzien-ferii-za-nami","status":"publish","type":"post","link":"https:\/\/muzeum.ostroleka.pl\/?p=2818","title":{"rendered":"Pierwszy tydzie\u0144 ferii za nami"},"content":{"rendered":"<p>Dzi\u015b uczestnicy muzealnych ferii uko\u0144czyli swoje dzie\u0142a. Powsta\u0142y pi\u0119kne, kolorowe, inspirowane wystaw\u0105 lapbooki, kt\u00f3re przez pi\u0119\u0107 dni by\u0142y sukcesywnie rozbudowywane. Dzieci dzie\u0144 po dniu zamieszcza\u0142y w nich m.in. informacje zdobyte w Muzeum, ciekawostki, pami\u0105tki oraz oznaczy\u0142y stworzonym samodzielnie ekslibrisem.<br \/>\nTak oto dobieg\u0142 ko\u0144ca pierwszy tydzie\u0144 ferii w Muzeum pn. \u201eSekrety mojej ksi\u0105\u017cki\u201d.<br \/>\nOd poniedzia\u0142ku 17 lutego 2020 r. rozpoczynamy kolejny cykl zaj\u0119\u0107. Do zobaczenia!<\/p>\nngg_shortcode_0_placeholder\n","protected":false},"excerpt":{"rendered":"<p>Dzi\u015b uczestnicy muzealnych ferii uko\u0144czyli swoje dzie\u0142a. Powsta\u0142y pi\u0119kne, kolorowe, inspirowane wystaw\u0105 lapbooki, kt\u00f3re przez pi\u0119\u0107 dni by\u0142y sukcesywnie rozbudowywane. Dzieci dzie\u0144 po dniu zamieszcza\u0142y w nich m.in. informacje zdobyte w Muzeum, ciekawostki, pami\u0105tki oraz oznaczy\u0142y stworzonym samodzielnie ekslibrisem. Tak oto dobieg\u0142 ko\u0144ca pierwszy tydzie\u0144 ferii w Muzeum pn. \u201eSekrety mojej ksi\u0105\u017cki\u201d. Od poniedzia\u0142ku 17 [&hellip;]<\/p>\n","protected":false},"author":3,"featured_media":2824,"comment_status":"open","ping_status":"open","sticky":false,"template":"","format":"standard","meta":{"_acf_changed":false,"_lmt_disableupdate":"","_lmt_disable":"","_monsterinsights_skip_tracking":false,"_monsterinsights_sitenote_active":false,"_monsterinsights_sitenote_note":"","_monsterinsights_sitenote_category":0,"ngg_post_thumbnail":0,"footnotes":""},"categories":[3],"tags":[],"class_list":["post-2818","post","type-post","status-publish","format-standard","has-post-thumbnail","hentry","category-aktualnosci"],"acf":[],"modified_by":"Daniel Go\u0142a\u015b","_links":{"self":[{"href":"https:\/\/muzeum.ostroleka.pl\/index.php?rest_route=\/wp\/v2\/posts\/2818","targetHints":{"allow":["GET"]}}],"collection":[{"href":"https:\/\/muzeum.ostroleka.pl\/index.php?rest_route=\/wp\/v2\/posts"}],"about":[{"href":"https:\/\/muzeum.ostroleka.pl\/index.php?rest_route=\/wp\/v2\/types\/post"}],"author":[{"embeddable":true,"href":"https:\/\/muzeum.ostroleka.pl\/index.php?rest_route=\/wp\/v2\/users\/3"}],"replies":[{"embeddable":true,"href":"https:\/\/muzeum.ostroleka.pl\/index.php?rest_route=%2Fwp%2Fv2%2Fcomments&post=2818"}],"version-history":[{"count":1,"href":"https:\/\/muzeum.ostroleka.pl\/index.php?rest_route=\/wp\/v2\/posts\/2818\/revisions"}],"predecessor-version":[{"id":2825,"href":"https:\/\/muzeum.ostroleka.pl\/index.php?rest_route=\/wp\/v2\/posts\/2818\/revisions\/2825"}],"wp:featuredmedia":[{"embeddable":true,"href":"https:\/\/muzeum.ostroleka.pl\/index.php?rest_route=\/wp\/v2\/media\/2824"}],"wp:attachment":[{"href":"https:\/\/muzeum.ostroleka.pl\/index.php?rest_route=%2Fwp%2Fv2%2Fmedia&parent=2818"}],"wp:term":[{"taxonomy":"category","embeddable":true,"href":"https:\/\/muzeum.ostroleka.pl\/index.php?rest_route=%2Fwp%2Fv2%2Fcategories&post=2818"},{"taxonomy":"post_tag","embeddable":true,"href":"https:\/\/muzeum.ostroleka.pl\/index.php?rest_route=%2Fwp%2Fv2%2Ftags&post=2818"}],"curies":[{"name":"wp","href":"https:\/\/api.w.org\/{rel}","templated":true}]}}