{"id":2826,"date":"2020-02-18T09:01:25","date_gmt":"2020-02-18T08:01:25","guid":{"rendered":"https:\/\/muzeum.ostroleka.pl\/?p=2826"},"modified":"2020-02-18T09:01:25","modified_gmt":"2020-02-18T08:01:25","slug":"akcja-polska-zobacz-wiecej-weekend-za-pol-ceny-w-naszym-muzeum-2","status":"publish","type":"post","link":"https:\/\/muzeum.ostroleka.pl\/?p=2826","title":{"rendered":"Akcja \u201ePOLSKA ZOBACZ WI\u0118CEJ \u2013 WEEKEND ZA P\u00d3\u0141 CENY\u201d w naszym Muzeum"},"content":{"rendered":"<p>Muzeum Kultury Kurpiowskiej w Ostro\u0142\u0119ce po raz kolejny do\u0142\u0105czy\u0142o do akcji \u201ePOLSKA ZOBACZ WI\u0118CEJ \u2013 WEEKEND ZA P\u00d3\u0141 CENY\u201d organizowanej przez Polsk\u0105 Organizacj\u0119 Turystyczn\u0105 w Warszawie. W ramach akcji w okresie od 20 do 22 marca 2020 r. bilety wst\u0119pu do wszystkich obiekt\u00f3w Muzeum Kultury Kurpiowskiej w Ostro\u0142\u0119ce (budynek g\u0142\u00f3wny Muzeum, Pomnik Mauzoleum oraz Zagroda Kurpiowska w Kadzidle) b\u0119dzie mo\u017cna naby\u0107 ze zni\u017ck\u0105 50%.<\/p>\n<p>W Muzeum Kultury Kurpiowskiej b\u0119dziemy mieli zaszczyt zaprezentowa\u0107 Pa\u0144stwu wystaw\u0119 sta\u0142\u0105 pt. &nbsp;\u201eOstro\u0142\u0119ka i Kurpie. Mi\u0119dzy w\u0105tkiem historii a osnow\u0105 \u017cycia\u201d&nbsp;pokazuj\u0105c\u0105 \u017cycie mieszka\u0144c\u00f3w naszego regionu w dwudziestoleciu mi\u0119dzywojennym.<\/p>\n<p>Ponadto obejrz\u0105 Pa\u0144stwo sta\u0142e ekspozycje dost\u0119pne od roku 2018:<\/p>\n<p>\u201eWycinanka kurpiowska\u201d,<\/p>\n<p>\u201eGaleria sztuki polskiej pierwszej po\u0142owy XX wieku\u201d,<\/p>\n<p>\u201eStanis\u0142aw Skolimowski. Nierzeczywiste\u201d,<\/p>\n<p>\u201eTw\u00f3rczo\u015b\u0107 \u017co\u0142nierzy powstania listopadowego na Wielkiej Emigracji\u201d.<\/p>\n<p>W tym samym obiekcie czekaj\u0105 na Pa\u0144stwa wystawy czasowe:<\/p>\n<p>\u201eRados\u0142aw Nowakowski \u2013 W KRAINIE WOLNYCH KSI\u0104\u017bEK. Ksi\u0105\u017cka autorska, artystyczna i LiBeratura\u201d,<\/p>\n<p>&#8222;W \u015bwiecie rze\u017ab Romualda Zerycha&#8221;&nbsp;&#8211; na ekspozycji prezentujemy znakomit\u0105 cz\u0119\u015b\u0107 dorobku Romualda Zerycha, artysty kt\u00f3ry by\u0142 projektantem ostro\u0142\u0119ckiego Mauzoleum.<\/p>\n<p>Kolejn\u0105 atrakcj\u0105 oferowan\u0105 przez Muzeum Kultury Kurpiowskiej jest zwiedzanie Pomnika Mauzoleum. Pomnik wybudowany zosta\u0142 wewn\u0105trz ziemnego fortu carskiego z XIX wieku z okazji setnej rocznicy bitwy. Ostro\u0142\u0119ckie mauzoleum, po\u015bwi\u0119cone poleg\u0142ym w jednej z bitew powstania listopadowego, jest jedynym tego typu obiektem w Polsce.<\/p>\n<p>Dla mi\u0142o\u015bnik\u00f3w kultury ludowej proponujemy odwiedzenie Zagrody Kurpiowskiej. Jest to niewielkie muzeum typu skansenowskiego usytuowane przy Trasie Mazurskiej w miejscowo\u015bci Kadzid\u0142o.<\/p>\n<p>Godziny otwarcia oraz ceny bilet\u00f3w do obiekt\u00f3w Muzeum Kultury Kurpiowskiej podczas trwania akcji:<\/p>\n<p>Muzeum Kultury Kurpiowskiej w Ostro\u0142\u0119ce (plac gen. J. Bema 8)<\/p>\n<p>&#8211; pi\u0105tek od godz. 17.00 &nbsp;do godz. 18.00<\/p>\n<p>&#8211; sobota, niedziela od godz. 10.00&nbsp; do godz. 16.00<\/p>\n<p>bilet normalny \u2013 4 z\u0142<\/p>\n<p>bilet ulgowy \u2013 2.5 z\u0142<\/p>\n<p>Pomnik Mauzoleum (ul. Warszawska 2a)<\/p>\n<p>&#8211; sobota, niedziela od godz. 10.00&nbsp; do godz. 15.00<\/p>\n<p>bilet normalny &#8211; 4 z\u0142<\/p>\n<p>bilet ulgowy \u2013 2.5 z\u0142<\/p>\n<p>bilet rodzinny \u2013 7.5 z\u0142<\/p>\n<p>Zagroda Kurpiowska w Kadzidle (ul. Trasa Mazurska 1b)<\/p>\n<p>&#8211; sobota, niedziela od godz. 10.00&nbsp; do godz. 17.00<\/p>\n<p>bilet normalny \u2013 4 z\u0142<\/p>\n<p>bilet ulgowy \u2013 2.5 z\u0142<\/p>\n","protected":false},"excerpt":{"rendered":"<p>Muzeum Kultury Kurpiowskiej w Ostro\u0142\u0119ce po raz kolejny do\u0142\u0105czy\u0142o do akcji \u201ePOLSKA ZOBACZ WI\u0118CEJ \u2013 WEEKEND ZA P\u00d3\u0141 CENY\u201d organizowanej przez Polsk\u0105 Organizacj\u0119 Turystyczn\u0105 w Warszawie. W ramach akcji w okresie od 20 do 22 marca 2020 r. bilety wst\u0119pu do wszystkich obiekt\u00f3w Muzeum Kultury Kurpiowskiej w Ostro\u0142\u0119ce (budynek g\u0142\u00f3wny Muzeum, Pomnik Mauzoleum oraz Zagroda [&hellip;]<\/p>\n","protected":false},"author":3,"featured_media":2827,"comment_status":"open","ping_status":"open","sticky":false,"template":"","format":"standard","meta":{"_acf_changed":false,"_lmt_disableupdate":"","_lmt_disable":"","_monsterinsights_skip_tracking":false,"_monsterinsights_sitenote_active":false,"_monsterinsights_sitenote_note":"","_monsterinsights_sitenote_category":0,"ngg_post_thumbnail":0,"footnotes":""},"categories":[3],"tags":[],"class_list":["post-2826","post","type-post","status-publish","format-standard","has-post-thumbnail","hentry","category-aktualnosci"],"acf":[],"modified_by":"Daniel Go\u0142a\u015b","_links":{"self":[{"href":"https:\/\/muzeum.ostroleka.pl\/index.php?rest_route=\/wp\/v2\/posts\/2826","targetHints":{"allow":["GET"]}}],"collection":[{"href":"https:\/\/muzeum.ostroleka.pl\/index.php?rest_route=\/wp\/v2\/posts"}],"about":[{"href":"https:\/\/muzeum.ostroleka.pl\/index.php?rest_route=\/wp\/v2\/types\/post"}],"author":[{"embeddable":true,"href":"https:\/\/muzeum.ostroleka.pl\/index.php?rest_route=\/wp\/v2\/users\/3"}],"replies":[{"embeddable":true,"href":"https:\/\/muzeum.ostroleka.pl\/index.php?rest_route=%2Fwp%2Fv2%2Fcomments&post=2826"}],"version-history":[{"count":1,"href":"https:\/\/muzeum.ostroleka.pl\/index.php?rest_route=\/wp\/v2\/posts\/2826\/revisions"}],"predecessor-version":[{"id":2828,"href":"https:\/\/muzeum.ostroleka.pl\/index.php?rest_route=\/wp\/v2\/posts\/2826\/revisions\/2828"}],"wp:featuredmedia":[{"embeddable":true,"href":"https:\/\/muzeum.ostroleka.pl\/index.php?rest_route=\/wp\/v2\/media\/2827"}],"wp:attachment":[{"href":"https:\/\/muzeum.ostroleka.pl\/index.php?rest_route=%2Fwp%2Fv2%2Fmedia&parent=2826"}],"wp:term":[{"taxonomy":"category","embeddable":true,"href":"https:\/\/muzeum.ostroleka.pl\/index.php?rest_route=%2Fwp%2Fv2%2Fcategories&post=2826"},{"taxonomy":"post_tag","embeddable":true,"href":"https:\/\/muzeum.ostroleka.pl\/index.php?rest_route=%2Fwp%2Fv2%2Ftags&post=2826"}],"curies":[{"name":"wp","href":"https:\/\/api.w.org\/{rel}","templated":true}]}}