{"id":2841,"date":"2020-02-20T13:36:54","date_gmt":"2020-02-20T12:36:54","guid":{"rendered":"https:\/\/muzeum.ostroleka.pl\/?p=2841"},"modified":"2020-02-20T13:37:26","modified_gmt":"2020-02-20T12:37:26","slug":"mlodzi-badacze-kultury-obejrzeli-wystawy","status":"publish","type":"post","link":"https:\/\/muzeum.ostroleka.pl\/?p=2841","title":{"rendered":"M\u0142odzi badacze kultury obejrzeli wystawy"},"content":{"rendered":"<p>Wczoraj uczestnicy muzealnych ferii wcielili si\u0119 w badaczy kultury, kt\u00f3rzy zwiedzaj\u0105c wystawy zdobywali informacje o dawnych mieszka\u0144cach naszego regionu. Codziennie w pracowni plastycznej do powstaj\u0105cych lapbook\u00f3w trafiaj\u0105 kolejne elementy. Tym razem dzieci tworzy\u0142y w\u0142asny ekslibris.<\/p>\nngg_shortcode_0_placeholder\n","protected":false},"excerpt":{"rendered":"<p>Wczoraj uczestnicy muzealnych ferii wcielili si\u0119 w badaczy kultury, kt\u00f3rzy zwiedzaj\u0105c wystawy zdobywali informacje o dawnych mieszka\u0144cach naszego regionu. Codziennie w pracowni plastycznej do powstaj\u0105cych lapbook\u00f3w trafiaj\u0105 kolejne elementy. Tym razem dzieci tworzy\u0142y w\u0142asny ekslibris.<\/p>\n","protected":false},"author":3,"featured_media":2852,"comment_status":"open","ping_status":"open","sticky":false,"template":"","format":"standard","meta":{"_acf_changed":false,"_lmt_disableupdate":"","_lmt_disable":"","_monsterinsights_skip_tracking":false,"_monsterinsights_sitenote_active":false,"_monsterinsights_sitenote_note":"","_monsterinsights_sitenote_category":0,"ngg_post_thumbnail":0,"footnotes":""},"categories":[3],"tags":[],"class_list":["post-2841","post","type-post","status-publish","format-standard","has-post-thumbnail","hentry","category-aktualnosci"],"acf":[],"modified_by":"Daniel Go\u0142a\u015b","_links":{"self":[{"href":"https:\/\/muzeum.ostroleka.pl\/index.php?rest_route=\/wp\/v2\/posts\/2841","targetHints":{"allow":["GET"]}}],"collection":[{"href":"https:\/\/muzeum.ostroleka.pl\/index.php?rest_route=\/wp\/v2\/posts"}],"about":[{"href":"https:\/\/muzeum.ostroleka.pl\/index.php?rest_route=\/wp\/v2\/types\/post"}],"author":[{"embeddable":true,"href":"https:\/\/muzeum.ostroleka.pl\/index.php?rest_route=\/wp\/v2\/users\/3"}],"replies":[{"embeddable":true,"href":"https:\/\/muzeum.ostroleka.pl\/index.php?rest_route=%2Fwp%2Fv2%2Fcomments&post=2841"}],"version-history":[{"count":1,"href":"https:\/\/muzeum.ostroleka.pl\/index.php?rest_route=\/wp\/v2\/posts\/2841\/revisions"}],"predecessor-version":[{"id":2851,"href":"https:\/\/muzeum.ostroleka.pl\/index.php?rest_route=\/wp\/v2\/posts\/2841\/revisions\/2851"}],"wp:featuredmedia":[{"embeddable":true,"href":"https:\/\/muzeum.ostroleka.pl\/index.php?rest_route=\/wp\/v2\/media\/2852"}],"wp:attachment":[{"href":"https:\/\/muzeum.ostroleka.pl\/index.php?rest_route=%2Fwp%2Fv2%2Fmedia&parent=2841"}],"wp:term":[{"taxonomy":"category","embeddable":true,"href":"https:\/\/muzeum.ostroleka.pl\/index.php?rest_route=%2Fwp%2Fv2%2Fcategories&post=2841"},{"taxonomy":"post_tag","embeddable":true,"href":"https:\/\/muzeum.ostroleka.pl\/index.php?rest_route=%2Fwp%2Fv2%2Ftags&post=2841"}],"curies":[{"name":"wp","href":"https:\/\/api.w.org\/{rel}","templated":true}]}}