{"id":288,"date":"2019-10-11T11:19:41","date_gmt":"2019-10-11T11:19:41","guid":{"rendered":"http:\/\/mkk.wisnia.pl\/?p=288"},"modified":"2019-10-24T09:44:21","modified_gmt":"2019-10-24T09:44:21","slug":"muzeum-na-targach-ksiazki","status":"publish","type":"post","link":"https:\/\/muzeum.ostroleka.pl\/?p=288","title":{"rendered":"Muzeum na targach ksi\u0105\u017cki"},"content":{"rendered":"<div class=\"leadArticle\">\n<p>W dniu 10 pa\u017adziernika&nbsp; Muzeum Kultury Kurpiowskiej wzi\u0119\u0142o udzia\u0142&nbsp; w I Ostro\u0142\u0119ckich Targach Ksi\u0105\u017cki Regionalnej, zorganizowanych przez Miejsk\u0105 Bibliotek\u0119 Publiczn\u0105.<\/p>\n<\/div>\n<p>Na stoisku muzealnym, w\u015br\u00f3d wielu tytu\u0142\u00f3w, pojawi\u0142y si\u0119 najnowsze publikacje: M. Pokropka \u201eBudownictwo drewniane Kurpi\u00f3w Puszczy Zielonej\u201d oraz B. Kalinowskiej \u201ePoczt\u00f3wka z Ostro\u0142\u0119ki 1902-1989\u201d.<br \/>\nTargi by\u0142y miejscem spotkania wydawc\u00f3w, autor\u00f3w, bibliotekarzy oraz czytelnik\u00f3w z Ostro\u0142\u0119ki i powiatu ostro\u0142\u0119ckiego.<\/p>\n<p class=\"authorName\">MKK<\/p>\nngg_shortcode_0_placeholder\n<p>&nbsp;<\/p>\n","protected":false},"excerpt":{"rendered":"<p>W dniu 10 pa\u017adziernika&nbsp; Muzeum Kultury Kurpiowskiej wzi\u0119\u0142o udzia\u0142&nbsp; w I Ostro\u0142\u0119ckich Targach Ksi\u0105\u017cki Regionalnej, zorganizowanych przez Miejsk\u0105 Bibliotek\u0119 Publiczn\u0105. Na stoisku muzealnym, w\u015br\u00f3d wielu tytu\u0142\u00f3w, pojawi\u0142y si\u0119 najnowsze publikacje: M. Pokropka \u201eBudownictwo drewniane Kurpi\u00f3w Puszczy Zielonej\u201d oraz B. Kalinowskiej \u201ePoczt\u00f3wka z Ostro\u0142\u0119ki 1902-1989\u201d. Targi by\u0142y miejscem spotkania wydawc\u00f3w, autor\u00f3w, bibliotekarzy oraz czytelnik\u00f3w z Ostro\u0142\u0119ki [&hellip;]<\/p>\n","protected":false},"author":3,"featured_media":0,"comment_status":"open","ping_status":"open","sticky":false,"template":"","format":"standard","meta":{"_acf_changed":false,"_lmt_disableupdate":"","_lmt_disable":"","_monsterinsights_skip_tracking":false,"_monsterinsights_sitenote_active":false,"_monsterinsights_sitenote_note":"","_monsterinsights_sitenote_category":0,"ngg_post_thumbnail":0,"footnotes":""},"categories":[3],"tags":[],"class_list":["post-288","post","type-post","status-publish","format-standard","hentry","category-aktualnosci"],"acf":[],"modified_by":"wisnia","_links":{"self":[{"href":"https:\/\/muzeum.ostroleka.pl\/index.php?rest_route=\/wp\/v2\/posts\/288","targetHints":{"allow":["GET"]}}],"collection":[{"href":"https:\/\/muzeum.ostroleka.pl\/index.php?rest_route=\/wp\/v2\/posts"}],"about":[{"href":"https:\/\/muzeum.ostroleka.pl\/index.php?rest_route=\/wp\/v2\/types\/post"}],"author":[{"embeddable":true,"href":"https:\/\/muzeum.ostroleka.pl\/index.php?rest_route=\/wp\/v2\/users\/3"}],"replies":[{"embeddable":true,"href":"https:\/\/muzeum.ostroleka.pl\/index.php?rest_route=%2Fwp%2Fv2%2Fcomments&post=288"}],"version-history":[{"count":2,"href":"https:\/\/muzeum.ostroleka.pl\/index.php?rest_route=\/wp\/v2\/posts\/288\/revisions"}],"predecessor-version":[{"id":385,"href":"https:\/\/muzeum.ostroleka.pl\/index.php?rest_route=\/wp\/v2\/posts\/288\/revisions\/385"}],"wp:attachment":[{"href":"https:\/\/muzeum.ostroleka.pl\/index.php?rest_route=%2Fwp%2Fv2%2Fmedia&parent=288"}],"wp:term":[{"taxonomy":"category","embeddable":true,"href":"https:\/\/muzeum.ostroleka.pl\/index.php?rest_route=%2Fwp%2Fv2%2Fcategories&post=288"},{"taxonomy":"post_tag","embeddable":true,"href":"https:\/\/muzeum.ostroleka.pl\/index.php?rest_route=%2Fwp%2Fv2%2Ftags&post=288"}],"curies":[{"name":"wp","href":"https:\/\/api.w.org\/{rel}","templated":true}]}}