{"id":3023,"date":"2020-03-19T10:46:55","date_gmt":"2020-03-19T09:46:55","guid":{"rendered":"https:\/\/muzeum.ostroleka.pl\/?p=3023"},"modified":"2020-03-25T10:56:43","modified_gmt":"2020-03-25T09:56:43","slug":"obraz-autorstwa-rafala-malczewskiego-pt-scena-rodzajowa-przed-dworkiem-w-luslawicach","status":"publish","type":"post","link":"https:\/\/muzeum.ostroleka.pl\/?p=3023","title":{"rendered":"Obraz autorstwa Rafa\u0142a Malczewskiego pt. Scena rodzajowa przed dworkiem w Lus\u0142awicach"},"content":{"rendered":"<p style=\"text-align: justify;\">Przyklaskuj\u0105c akcji #zostanwdomu prezentujemy Pa\u0144stwu obraz autorstwa Rafa\u0142a Malczewskiego pt. <strong>Scena rodzajowa przed dworkiem w Lus\u0142awicach<\/strong>. Jego tematyka koresponduje z uczuciami wielu, chwilowo zatrzymanych w swoich domach, os\u00f3b. Widzimy na nim m\u0142od\u0105, zamy\u015blon\u0105 kobiet\u0119 wpatrzon\u0105 w trzymany w r\u0119kach przedmiot. Mo\u017ce ksi\u0105\u017ck\u0119? U st\u00f3p modelki le\u017cy pies. Wa\u017cn\u0105 cz\u0119\u015b\u0107 kompozycji zajmuje pejza\u017c &#8211; lasek i droga wiod\u0105ca z dala. Tak naprawd\u0119, centrum obrazu stanowi\u0105 kolumny, w naturalny spos\u00f3b odgradzaj\u0105ce zewn\u0119trzny \u015bwiat i zacisze portretowanej. Scena tchnie spokojem, namacaln\u0105 wr\u0119cz cisz\u0105, pustk\u0105. Nikt si\u0119 nie spieszy, nic si\u0119 nie wydarza. Jednak kobieta nie sprawia wra\u017cenia zrelaksowanej. Napi\u0119cie ramion, sztywne pochylenie g\u0142owy, nerwowe za\u0142o\u017cenie nogi na nog\u0119 sugeruj\u0105 oczekiwanie.<br \/>\nObraz powsta\u0142 w Lus\u0142awicach, w kt\u00f3rych autor wielokrotnie sp\u0119dza\u0142 wakacje w latach dwudziestych XX wieku. W dziewi\u0119tnastowiecznym dworze, w kt\u00f3rym mieszka\u0142y jego ciotki, siostry ojca \u2013 s\u0142ynnego Jacka &#8211; powsta\u0142o wiele prac autorstwa obu artyst\u00f3w. Obaj obrazowali zar\u00f3wno sam budynek, jak i jego wn\u0119trza, a tak\u017ce park lus\u0142awicki. Tu Rafa\u0142 namalowa\u0142 ostatni portret niewidz\u0105cego ju\u017c ojca, rok przed jego \u015bmierci\u0105.<br \/>\n<strong>Scen\u0119 rodzajow\u0105 przed dworkiem w Lus\u0142awicach<\/strong>, obraz ze zbior\u00f3w Muzeum Kultury Kurpiowskiej, mo\u017cna zobaczy\u0107 na wystawie sta\u0142ej prezentuj\u0105cej galeri\u0119 malarstwa polskiego I po\u0142owy XX wieku, zaraz po jej ponownym udost\u0119pnieniu. Ju\u017c dzisiaj serdecznie zapraszamy!<\/p>\n<p>&nbsp;<\/p>\n<p style=\"text-align: justify;\">Rafa\u0142 Malczewski, Scena rodzajowa przed dworkiem w Lus\u0142awicach, akwarela, nr inw. MOO\/S\/105<\/p>\nngg_shortcode_0_placeholder\n","protected":false},"excerpt":{"rendered":"<p>Przyklaskuj\u0105c akcji #zostanwdomu prezentujemy Pa\u0144stwu obraz autorstwa Rafa\u0142a Malczewskiego pt. Scena rodzajowa przed dworkiem w Lus\u0142awicach. Jego tematyka koresponduje z uczuciami wielu, chwilowo zatrzymanych w swoich domach, os\u00f3b. Widzimy na nim m\u0142od\u0105, zamy\u015blon\u0105 kobiet\u0119 wpatrzon\u0105 w trzymany w r\u0119kach przedmiot. Mo\u017ce ksi\u0105\u017ck\u0119? U st\u00f3p modelki le\u017cy pies. Wa\u017cn\u0105 cz\u0119\u015b\u0107 kompozycji zajmuje pejza\u017c &#8211; lasek i [&hellip;]<\/p>\n","protected":false},"author":3,"featured_media":3024,"comment_status":"closed","ping_status":"closed","sticky":false,"template":"","format":"standard","meta":{"_acf_changed":false,"_lmt_disableupdate":"","_lmt_disable":"","_monsterinsights_skip_tracking":false,"_monsterinsights_sitenote_active":false,"_monsterinsights_sitenote_note":"","_monsterinsights_sitenote_category":0,"ngg_post_thumbnail":0,"footnotes":""},"categories":[3,55],"tags":[],"class_list":["post-3023","post","type-post","status-publish","format-standard","has-post-thumbnail","hentry","category-aktualnosci","category-wirtualne-muzeum"],"acf":[],"modified_by":"Daniel Go\u0142a\u015b","_links":{"self":[{"href":"https:\/\/muzeum.ostroleka.pl\/index.php?rest_route=\/wp\/v2\/posts\/3023","targetHints":{"allow":["GET"]}}],"collection":[{"href":"https:\/\/muzeum.ostroleka.pl\/index.php?rest_route=\/wp\/v2\/posts"}],"about":[{"href":"https:\/\/muzeum.ostroleka.pl\/index.php?rest_route=\/wp\/v2\/types\/post"}],"author":[{"embeddable":true,"href":"https:\/\/muzeum.ostroleka.pl\/index.php?rest_route=\/wp\/v2\/users\/3"}],"replies":[{"embeddable":true,"href":"https:\/\/muzeum.ostroleka.pl\/index.php?rest_route=%2Fwp%2Fv2%2Fcomments&post=3023"}],"version-history":[{"count":10,"href":"https:\/\/muzeum.ostroleka.pl\/index.php?rest_route=\/wp\/v2\/posts\/3023\/revisions"}],"predecessor-version":[{"id":3034,"href":"https:\/\/muzeum.ostroleka.pl\/index.php?rest_route=\/wp\/v2\/posts\/3023\/revisions\/3034"}],"wp:featuredmedia":[{"embeddable":true,"href":"https:\/\/muzeum.ostroleka.pl\/index.php?rest_route=\/wp\/v2\/media\/3024"}],"wp:attachment":[{"href":"https:\/\/muzeum.ostroleka.pl\/index.php?rest_route=%2Fwp%2Fv2%2Fmedia&parent=3023"}],"wp:term":[{"taxonomy":"category","embeddable":true,"href":"https:\/\/muzeum.ostroleka.pl\/index.php?rest_route=%2Fwp%2Fv2%2Fcategories&post=3023"},{"taxonomy":"post_tag","embeddable":true,"href":"https:\/\/muzeum.ostroleka.pl\/index.php?rest_route=%2Fwp%2Fv2%2Ftags&post=3023"}],"curies":[{"name":"wp","href":"https:\/\/api.w.org\/{rel}","templated":true}]}}