{"id":3165,"date":"2019-06-10T11:13:00","date_gmt":"2019-06-10T10:13:00","guid":{"rendered":"https:\/\/muzeum.ostroleka.pl\/?p=3165"},"modified":"2020-04-10T09:10:20","modified_gmt":"2020-04-10T08:10:20","slug":"warsztaty-opowiedz-mi-obraz","status":"publish","type":"post","link":"https:\/\/muzeum.ostroleka.pl\/?p=3165","title":{"rendered":"Warsztaty &#8222;Opowiedz mi obraz&#8221;"},"content":{"rendered":"<p>Muzeum Kultury Kurpiowskiej w Ostro\u0142\u0119ce zaprasza na warsztaty \u201eOpowiedz mi obraz\u201d prowadzone w oparciu o ekspozycj\u0119 sta\u0142\u0105 \u201eGaleria sztuki polskiej pierwszej po\u0142owy XX wieku\u201d, kt\u00f3re odb\u0119d\u0105 si\u0119 w niedziel\u0119 16 czerwca 2019 r.<!--more--><\/p>\n<p>Zaj\u0119cia skierowane s\u0105 do rodzin, grup znajomych, przyjaci\u00f3\u0142.<\/p>\n<p>Wst\u0119p: 5 z\u0142 za osob\u0119.<\/p>\n<p>Zg\u0142oszenia grup: Dzia\u0142 Historyczno-Artystyczny, tel. 29 764 54 43 w. 35.<\/p>\n","protected":false},"excerpt":{"rendered":"<p>Muzeum Kultury Kurpiowskiej w Ostro\u0142\u0119ce zaprasza na warsztaty \u201eOpowiedz mi obraz\u201d prowadzone w oparciu o ekspozycj\u0119 sta\u0142\u0105 \u201eGaleria sztuki polskiej pierwszej po\u0142owy XX wieku\u201d, kt\u00f3re odb\u0119d\u0105 si\u0119 w niedziel\u0119 16 czerwca 2019 r.<\/p>\n","protected":false},"author":3,"featured_media":3166,"comment_status":"closed","ping_status":"closed","sticky":false,"template":"","format":"standard","meta":{"_acf_changed":false,"_lmt_disableupdate":"","_lmt_disable":"","_monsterinsights_skip_tracking":false,"_monsterinsights_sitenote_active":false,"_monsterinsights_sitenote_note":"","_monsterinsights_sitenote_category":0,"ngg_post_thumbnail":0,"footnotes":""},"categories":[3],"tags":[],"class_list":["post-3165","post","type-post","status-publish","format-standard","has-post-thumbnail","hentry","category-aktualnosci"],"acf":[],"modified_by":"Daniel Go\u0142a\u015b","_links":{"self":[{"href":"https:\/\/muzeum.ostroleka.pl\/index.php?rest_route=\/wp\/v2\/posts\/3165","targetHints":{"allow":["GET"]}}],"collection":[{"href":"https:\/\/muzeum.ostroleka.pl\/index.php?rest_route=\/wp\/v2\/posts"}],"about":[{"href":"https:\/\/muzeum.ostroleka.pl\/index.php?rest_route=\/wp\/v2\/types\/post"}],"author":[{"embeddable":true,"href":"https:\/\/muzeum.ostroleka.pl\/index.php?rest_route=\/wp\/v2\/users\/3"}],"replies":[{"embeddable":true,"href":"https:\/\/muzeum.ostroleka.pl\/index.php?rest_route=%2Fwp%2Fv2%2Fcomments&post=3165"}],"version-history":[{"count":2,"href":"https:\/\/muzeum.ostroleka.pl\/index.php?rest_route=\/wp\/v2\/posts\/3165\/revisions"}],"predecessor-version":[{"id":3284,"href":"https:\/\/muzeum.ostroleka.pl\/index.php?rest_route=\/wp\/v2\/posts\/3165\/revisions\/3284"}],"wp:featuredmedia":[{"embeddable":true,"href":"https:\/\/muzeum.ostroleka.pl\/index.php?rest_route=\/wp\/v2\/media\/3166"}],"wp:attachment":[{"href":"https:\/\/muzeum.ostroleka.pl\/index.php?rest_route=%2Fwp%2Fv2%2Fmedia&parent=3165"}],"wp:term":[{"taxonomy":"category","embeddable":true,"href":"https:\/\/muzeum.ostroleka.pl\/index.php?rest_route=%2Fwp%2Fv2%2Fcategories&post=3165"},{"taxonomy":"post_tag","embeddable":true,"href":"https:\/\/muzeum.ostroleka.pl\/index.php?rest_route=%2Fwp%2Fv2%2Ftags&post=3165"}],"curies":[{"name":"wp","href":"https:\/\/api.w.org\/{rel}","templated":true}]}}