{"id":3168,"date":"2019-06-10T11:27:09","date_gmt":"2019-06-10T10:27:09","guid":{"rendered":"https:\/\/muzeum.ostroleka.pl\/?p=3168"},"modified":"2020-04-10T09:13:04","modified_gmt":"2020-04-10T08:13:04","slug":"etnosakralia-kurpiowskie","status":"publish","type":"post","link":"https:\/\/muzeum.ostroleka.pl\/?p=3168","title":{"rendered":"Etnosakralia Kurpiowskie"},"content":{"rendered":"<p>Muzeum Kultury Kurpiowskiej w Ostro\u0142\u0119ce zaprasza na koncerty w ramach festiwalu &#8222;VI Etnosakralia Kurpiowskie&#8221;.<!--more--><\/p>\n<p>&nbsp;<\/p>\n<p><strong>16 czerwca 2019 r. (niedziela) godz. 20.00<\/strong> &#8211; ,,Hommage \u00e0 Skierkowski&#8221;.<\/p>\n<p>Wykonawcy: Arek Czernysz TRIO.<\/p>\n<p>Z baga\u017cem jazzowych do\u015bwiadcze\u0144, pe\u0142ni akordeonowego posmaku &#8211; na festiwalow\u0105 scen\u0119 wkroczy Arek Czernysz Trio. W Muzeum Kultury Kurpiowskiej poprzez improwizacje i kompozycje powsta\u0142e w oparciu o pie\u015bni kurpiowskie, zaprezentuj\u0105 odwa\u017cn\u0105, \u015bwie\u017c\u0105 wariacj\u0119 na temat tak wa\u017cnego dorobku polskiej kultury muzycznej, jakim jest muzyka Puszczy Zielonej.<\/p>\n<p>&nbsp;<\/p>\n<p>Program:<br \/>\n\u2022 Improwizacje oraz kompozycje powsta\u0142e w oparciu o pie\u015bni kurpiowskie spisane przez ks. W. Skierkowskiego<\/p>\n<p>&nbsp;<\/p>\n<p>AREK CZERNYSZ TRIO<\/p>\n<p>Zesp\u00f3\u0142 powsta\u0142 pod koniec 2016 roku w Gda\u0144sku. Wsp\u00f3\u0142tworz\u0105 go muzycy m\u0142odego pokolenia, kt\u00f3rzy dzi\u0119ki po\u0142\u0105czeniu mo\u017cliwo\u015bci wyrazowych akordeonu z jazzow\u0105 sekcj\u0105 rytmiczn\u0105 wypracowali w\u0142asne, niepowtarzalne brzmienie. Trio wykonuje autorskie kompozycje utrzymane w stylistyce muzyki jazzowej i filmowej.<br \/>\nMuzycy zostali docenieni na krajowych i mi\u0119dzynarodowych festiwalach: Blue Note Pozna\u0144 Competition 2016, School &amp; Jazz Festival 2017, Jazz Juniors 2018. Jednak najwi\u0119kszym osi\u0105gni\u0119ciem jest zaj\u0119cie I miejsca na 42. Mi\u0119dzynarodowym Konkursie Akordeonowym \u201eCitta di Castelfidardo\u201d we W\u0142oszech w kategorii jazz music.<br \/>\nNA POCZ\u0104TKU KWIETNIA 2019 ROKU NAK\u0141AEM BCD RECORDS UKAZA\u0141 SI\u0118 ALBUM AREK CZERNYSZ TRIO \u201eBREATH\u201d, BCD CDN 45 ALBUM ZOSTA\u0141 NAGRANY W TRIO W SK\u0141ADZIE:<br \/>\nArek Czernysz \u2013 akordeon,<br \/>\nFilip Arasimowicz \u2013 kontrabas i Antoni Wojnar \u2013 perkusja.<\/p>\n<p>Kompozytorem wszystkich utwor\u00f3w jest lider Arek Czernysz.<\/p>\n<p><strong>22 czerwca 2019 r. (niedziela) godz. 20.00<\/strong> &#8211; Koncert kameralny &#8222;Ad fontes &#8211; inspiracje&#8221;.<\/p>\n<p>Wykonawcy: kwartet smyczkowy w sk\u0142adzie: Kornelia Gr\u0105dzka, Paulina Kusa, Agnieszka Pod\u0142ucka, Dobrawa Czocher.<\/p>\n","protected":false},"excerpt":{"rendered":"<p>Muzeum Kultury Kurpiowskiej w Ostro\u0142\u0119ce zaprasza na koncerty w ramach festiwalu &#8222;VI Etnosakralia Kurpiowskie&#8221;.<\/p>\n","protected":false},"author":3,"featured_media":2633,"comment_status":"closed","ping_status":"closed","sticky":false,"template":"","format":"standard","meta":{"_acf_changed":false,"_lmt_disableupdate":"","_lmt_disable":"","_monsterinsights_skip_tracking":false,"_monsterinsights_sitenote_active":false,"_monsterinsights_sitenote_note":"","_monsterinsights_sitenote_category":0,"ngg_post_thumbnail":0,"footnotes":""},"categories":[3],"tags":[],"class_list":["post-3168","post","type-post","status-publish","format-standard","has-post-thumbnail","hentry","category-aktualnosci"],"acf":[],"modified_by":"Daniel Go\u0142a\u015b","_links":{"self":[{"href":"https:\/\/muzeum.ostroleka.pl\/index.php?rest_route=\/wp\/v2\/posts\/3168","targetHints":{"allow":["GET"]}}],"collection":[{"href":"https:\/\/muzeum.ostroleka.pl\/index.php?rest_route=\/wp\/v2\/posts"}],"about":[{"href":"https:\/\/muzeum.ostroleka.pl\/index.php?rest_route=\/wp\/v2\/types\/post"}],"author":[{"embeddable":true,"href":"https:\/\/muzeum.ostroleka.pl\/index.php?rest_route=\/wp\/v2\/users\/3"}],"replies":[{"embeddable":true,"href":"https:\/\/muzeum.ostroleka.pl\/index.php?rest_route=%2Fwp%2Fv2%2Fcomments&post=3168"}],"version-history":[{"count":3,"href":"https:\/\/muzeum.ostroleka.pl\/index.php?rest_route=\/wp\/v2\/posts\/3168\/revisions"}],"predecessor-version":[{"id":3285,"href":"https:\/\/muzeum.ostroleka.pl\/index.php?rest_route=\/wp\/v2\/posts\/3168\/revisions\/3285"}],"wp:featuredmedia":[{"embeddable":true,"href":"https:\/\/muzeum.ostroleka.pl\/index.php?rest_route=\/wp\/v2\/media\/2633"}],"wp:attachment":[{"href":"https:\/\/muzeum.ostroleka.pl\/index.php?rest_route=%2Fwp%2Fv2%2Fmedia&parent=3168"}],"wp:term":[{"taxonomy":"category","embeddable":true,"href":"https:\/\/muzeum.ostroleka.pl\/index.php?rest_route=%2Fwp%2Fv2%2Fcategories&post=3168"},{"taxonomy":"post_tag","embeddable":true,"href":"https:\/\/muzeum.ostroleka.pl\/index.php?rest_route=%2Fwp%2Fv2%2Ftags&post=3168"}],"curies":[{"name":"wp","href":"https:\/\/api.w.org\/{rel}","templated":true}]}}