{"id":3179,"date":"2019-06-05T12:19:10","date_gmt":"2019-06-05T11:19:10","guid":{"rendered":"https:\/\/muzeum.ostroleka.pl\/?p=3179"},"modified":"2020-04-10T09:05:37","modified_gmt":"2020-04-10T08:05:37","slug":"xix-warsztaty-etnograficzne-ginace-zawody-za-nami","status":"publish","type":"post","link":"https:\/\/muzeum.ostroleka.pl\/?p=3179","title":{"rendered":"XIX warsztaty etnograficzne &#8222;Gin\u0105ce Zawody&#8221; za nami"},"content":{"rendered":"<p>W dniach 5-7 czerwca 2019 r. w Zagrodzie Kurpiowskiej w Kadzidle odby\u0142a si\u0119 dziewi\u0119tnasta ods\u0142ona warsztat\u00f3w etnograficznych &#8222;Gin\u0105ce Zawody&#8221;.<!--more--><\/p>\n<p>G\u0142\u00f3wnym tematem tegorocznej edycji \u201eGin\u0105cych Zawod\u00f3w\u201d b\u0119dzie ciesielstwo i architektura drewniana.<\/p>\n<p>Warsztaty etnograficzne \u201eGin\u0105ce Zawody\u201d skierowane s\u0105 do dzieci, m\u0142odzie\u017cy i rodzin. Uczestnicy imprezy mieli okazje pozna\u0107 tajniki warsztatu kurpiowskich tw\u00f3rc\u00f3w ludowych i pozna\u0107 takie dziedziny jak: plastyka obrz\u0119dowa i zdobnicza, hafciarstwo i koronkarstwo, plecionkarstwo, tkactwo i obr\u00f3bka lnu.<\/p>\n<p>&nbsp;<\/p>\n<p><strong>Wydarzenie finansowane przez Ministerstwo Kultury i Dziedzictwa Narodowego, Samorz\u0105d Wojew\u00f3dztwa Mazowieckiego oraz Starostwo Powiatowe w Ostro\u0142\u0119ce.<\/strong><\/p>\n<p>&nbsp;<\/p>\n<p>Organizator:<\/p>\n<p>Stowarzyszenie Artyst\u00f3w Kurpiowskich<\/p>\n<p>Muzeum Kultury Kurpiowskiej w Ostro\u0142\u0119ce<\/p>\n<p>&nbsp;<\/p>\n<p>Wsp\u00f3\u0142organizator:<\/p>\n<p>Stowarzyszenie Tw\u00f3rc\u00f3w Ludowych Oddzia\u0142 Kurpiowski<\/p>\n<p>Centrum Kultury Kurpiowskiej<\/p>\n<p>&nbsp;<\/p>\n<p>Projekt dofinansowali:<\/p>\n<p>Ministerstwo Kultury i Dziedzictwa Narodowego<\/p>\n<p><img loading=\"lazy\" decoding=\"async\" class=\"alignnone wp-image-423\" src=\"https:\/\/muzeum.ostroleka.pl\/wp-content\/uploads\/2019\/10\/mkk_MKiDN-01_cmyk_011.jpg\" alt=\"\" width=\"138\" height=\"138\" srcset=\"https:\/\/muzeum.ostroleka.pl\/wp-content\/uploads\/2019\/10\/mkk_MKiDN-01_cmyk_011.jpg 320w, https:\/\/muzeum.ostroleka.pl\/wp-content\/uploads\/2019\/10\/mkk_MKiDN-01_cmyk_011-150x150.jpg 150w, https:\/\/muzeum.ostroleka.pl\/wp-content\/uploads\/2019\/10\/mkk_MKiDN-01_cmyk_011-300x300.jpg 300w\" sizes=\"auto, (max-width: 138px) 100vw, 138px\" \/><\/p>\n<p>Samorz\u0105d Wojew\u00f3dztwa Mazowieckiego<\/p>\n<p><img loading=\"lazy\" decoding=\"async\" class=\"alignnone wp-image-1014\" src=\"https:\/\/muzeum.ostroleka.pl\/wp-content\/uploads\/2019\/10\/logo-nowe.jpg\" alt=\"\" width=\"195\" height=\"42\" srcset=\"https:\/\/muzeum.ostroleka.pl\/wp-content\/uploads\/2019\/10\/logo-nowe.jpg 307w, https:\/\/muzeum.ostroleka.pl\/wp-content\/uploads\/2019\/10\/logo-nowe-300x64.jpg 300w\" sizes=\"auto, (max-width: 195px) 100vw, 195px\" \/><\/p>\n<p>&nbsp;<\/p>\n<p>Starostwo Powiatowe w Ostro\u0142\u0119ce<\/p>\n<p><img loading=\"lazy\" decoding=\"async\" class=\"alignnone wp-image-349\" src=\"https:\/\/muzeum.ostroleka.pl\/wp-content\/uploads\/2019\/10\/mkk_kolorowy_006.jpg\" alt=\"\" width=\"206\" height=\"99\" srcset=\"https:\/\/muzeum.ostroleka.pl\/wp-content\/uploads\/2019\/10\/mkk_kolorowy_006.jpg 320w, https:\/\/muzeum.ostroleka.pl\/wp-content\/uploads\/2019\/10\/mkk_kolorowy_006-300x144.jpg 300w\" sizes=\"auto, (max-width: 206px) 100vw, 206px\" \/><\/p>\n<p>&nbsp;<\/p>\n<p>Patroni Medialni<\/p>\n<p>Radio Dla Ciebie<\/p>\n<p>Radio OKO<\/p>\n<p>Radio Nadzieja<\/p>\n<p>Tygodnik Ostro\u0142\u0119cki<\/p>\n<p>Tw\u00f3rczo\u015b\u0107 Ludowa<\/p>\nngg_shortcode_0_placeholder\n","protected":false},"excerpt":{"rendered":"<p>W dniach 5-7 czerwca 2019 r. w Zagrodzie Kurpiowskiej w Kadzidle odby\u0142a si\u0119 dziewi\u0119tnasta ods\u0142ona warsztat\u00f3w etnograficznych &#8222;Gin\u0105ce Zawody&#8221;.<\/p>\n","protected":false},"author":3,"featured_media":3205,"comment_status":"closed","ping_status":"closed","sticky":false,"template":"","format":"standard","meta":{"_acf_changed":false,"_lmt_disableupdate":"","_lmt_disable":"","_monsterinsights_skip_tracking":false,"_monsterinsights_sitenote_active":false,"_monsterinsights_sitenote_note":"","_monsterinsights_sitenote_category":0,"ngg_post_thumbnail":0,"footnotes":""},"categories":[3],"tags":[],"class_list":["post-3179","post","type-post","status-publish","format-standard","has-post-thumbnail","hentry","category-aktualnosci"],"acf":[],"modified_by":"Daniel Go\u0142a\u015b","_links":{"self":[{"href":"https:\/\/muzeum.ostroleka.pl\/index.php?rest_route=\/wp\/v2\/posts\/3179","targetHints":{"allow":["GET"]}}],"collection":[{"href":"https:\/\/muzeum.ostroleka.pl\/index.php?rest_route=\/wp\/v2\/posts"}],"about":[{"href":"https:\/\/muzeum.ostroleka.pl\/index.php?rest_route=\/wp\/v2\/types\/post"}],"author":[{"embeddable":true,"href":"https:\/\/muzeum.ostroleka.pl\/index.php?rest_route=\/wp\/v2\/users\/3"}],"replies":[{"embeddable":true,"href":"https:\/\/muzeum.ostroleka.pl\/index.php?rest_route=%2Fwp%2Fv2%2Fcomments&post=3179"}],"version-history":[{"count":4,"href":"https:\/\/muzeum.ostroleka.pl\/index.php?rest_route=\/wp\/v2\/posts\/3179\/revisions"}],"predecessor-version":[{"id":3283,"href":"https:\/\/muzeum.ostroleka.pl\/index.php?rest_route=\/wp\/v2\/posts\/3179\/revisions\/3283"}],"wp:featuredmedia":[{"embeddable":true,"href":"https:\/\/muzeum.ostroleka.pl\/index.php?rest_route=\/wp\/v2\/media\/3205"}],"wp:attachment":[{"href":"https:\/\/muzeum.ostroleka.pl\/index.php?rest_route=%2Fwp%2Fv2%2Fmedia&parent=3179"}],"wp:term":[{"taxonomy":"category","embeddable":true,"href":"https:\/\/muzeum.ostroleka.pl\/index.php?rest_route=%2Fwp%2Fv2%2Fcategories&post=3179"},{"taxonomy":"post_tag","embeddable":true,"href":"https:\/\/muzeum.ostroleka.pl\/index.php?rest_route=%2Fwp%2Fv2%2Ftags&post=3179"}],"curies":[{"name":"wp","href":"https:\/\/api.w.org\/{rel}","templated":true}]}}