{"id":3376,"date":"2019-05-31T09:23:59","date_gmt":"2019-05-31T08:23:59","guid":{"rendered":"https:\/\/muzeum.ostroleka.pl\/?p=3376"},"modified":"2020-04-23T09:55:20","modified_gmt":"2020-04-23T08:55:20","slug":"nagroda-im-oskara-kolberga-dla-marianny-baczek","status":"publish","type":"post","link":"https:\/\/muzeum.ostroleka.pl\/?p=3376","title":{"rendered":"Nagroda im. Oskara Kolberga dla Marianny B\u0105czek"},"content":{"rendered":"<p style=\"text-align: justify;\">30 maja b.r. na Zamku Kr\u00f3lewskim w Warszawie odby\u0142a si\u0119 uroczysto\u015b\u0107 wr\u0119czenia Nagr\u00f3d im. Oskara Kolberga&nbsp;<em>Za zas\u0142ugi dla kultury ludowej<\/em>. Patronem nagrody jest etnograf, folklorysta, tw\u00f3rca najwi\u0119kszego w XIX wieku zbioru \u017ar\u00f3de\u0142 do badania kultury ludowej.<!--more--><\/p>\n<p style=\"text-align: justify;\">W tegorocznej 44. edycji jedn\u0105 z laureatek zosta\u0142a Marianna B\u0105czek &#8211; \u015bpiewaczka ludowa z Bandy\u015b, gm. Czarnia, mistrzyni w wykonywaniu pie\u015bni le\u015bnych, weselnych i przy\u015bpiewek. Artystka wsp\u00f3\u0142pracuje ze stowarzyszeniami popularyzuj\u0105cymi \u015bpiew tradycyjny oraz z wieloma artystami m.in.: Adamem Strugiem, Ann\u0105 Mari\u0105 Jopek.<\/p>\n<p style=\"text-align: justify;\">Laureatka do\u0142\u0105czy\u0142a tym samym do licznego ju\u017c grona artyst\u00f3w kurpiowskich uhonorowanych tym presti\u017cowym wyr\u00f3\u017cnieniem. Organizatorem Nagrody jest Minister Kultury i Dziedzictwa Narodowego, realizacj\u0119 prowadzi Muzeum Wsi Radomskiej, Instytut Muzyki i Ta\u0144ca. Dwie z przyznawanych nagr\u00f3d funduj\u0105 Samorz\u0105d Wojew\u00f3dztwa Mazowieckiego oraz Fundacja \u201eCepelia\u201d Polska Sztuka i R\u0119kodzie\u0142o. Na nagrod\u0119 sk\u0142adaj\u0105 si\u0119: medal, pami\u0105tkowy dyplom oraz nagroda pieni\u0119\u017cna. Marianna B\u0105czek, jako artystka pochodz\u0105ca z Mazowsza, otrzyma\u0142a nagrod\u0119 pieni\u0119\u017cn\u0105 ufundowan\u0105 przez Samorz\u0105d Wojew\u00f3dztwa Mazowieckiego, kt\u00f3r\u0105 w imieniu Marsza\u0142ka Adama Struzika wr\u0119czy\u0142a Bo\u017cena \u017belazowska \u2013 Przewodnicz\u0105ca Komisji Kultury i Dziedzictwa Narodowego Sejmiku Wojew\u00f3dztwa Mazowieckiego. Medal oraz pami\u0105tkowy dyplom wr\u0119czy\u0142 Wicepremier Minister Kultury i Dziedzictwa Narodowego prof. Piotr Gli\u0144ski. W uroczysto\u015bci laureatce towarzyszyli: dyrektor Muzeum Kultury Kurpiowskiej Maria Samsel, W\u00f3jt Gminy Czarnia Marek Pi\u00f3rkowski oraz rodzina.<\/p>\n<p style=\"text-align: justify;\">Gratulacje dla nagrodzonej Marianny B\u0105czek!<\/p>\nngg_shortcode_0_placeholder\n","protected":false},"excerpt":{"rendered":"<p>30 maja b.r. na Zamku Kr\u00f3lewskim w Warszawie odby\u0142a si\u0119 uroczysto\u015b\u0107 wr\u0119czenia Nagr\u00f3d im. Oskara Kolberga&nbsp;Za zas\u0142ugi dla kultury ludowej. Patronem nagrody jest etnograf, folklorysta, tw\u00f3rca najwi\u0119kszego w XIX wieku zbioru \u017ar\u00f3de\u0142 do badania kultury ludowej.<\/p>\n","protected":false},"author":3,"featured_media":3387,"comment_status":"closed","ping_status":"closed","sticky":false,"template":"","format":"standard","meta":{"_acf_changed":false,"_lmt_disableupdate":"","_lmt_disable":"","_monsterinsights_skip_tracking":false,"_monsterinsights_sitenote_active":false,"_monsterinsights_sitenote_note":"","_monsterinsights_sitenote_category":0,"ngg_post_thumbnail":0,"footnotes":""},"categories":[3],"tags":[],"class_list":["post-3376","post","type-post","status-publish","format-standard","has-post-thumbnail","hentry","category-aktualnosci"],"acf":[],"modified_by":"Daniel Go\u0142a\u015b","_links":{"self":[{"href":"https:\/\/muzeum.ostroleka.pl\/index.php?rest_route=\/wp\/v2\/posts\/3376","targetHints":{"allow":["GET"]}}],"collection":[{"href":"https:\/\/muzeum.ostroleka.pl\/index.php?rest_route=\/wp\/v2\/posts"}],"about":[{"href":"https:\/\/muzeum.ostroleka.pl\/index.php?rest_route=\/wp\/v2\/types\/post"}],"author":[{"embeddable":true,"href":"https:\/\/muzeum.ostroleka.pl\/index.php?rest_route=\/wp\/v2\/users\/3"}],"replies":[{"embeddable":true,"href":"https:\/\/muzeum.ostroleka.pl\/index.php?rest_route=%2Fwp%2Fv2%2Fcomments&post=3376"}],"version-history":[{"count":1,"href":"https:\/\/muzeum.ostroleka.pl\/index.php?rest_route=\/wp\/v2\/posts\/3376\/revisions"}],"predecessor-version":[{"id":3386,"href":"https:\/\/muzeum.ostroleka.pl\/index.php?rest_route=\/wp\/v2\/posts\/3376\/revisions\/3386"}],"wp:featuredmedia":[{"embeddable":true,"href":"https:\/\/muzeum.ostroleka.pl\/index.php?rest_route=\/wp\/v2\/media\/3387"}],"wp:attachment":[{"href":"https:\/\/muzeum.ostroleka.pl\/index.php?rest_route=%2Fwp%2Fv2%2Fmedia&parent=3376"}],"wp:term":[{"taxonomy":"category","embeddable":true,"href":"https:\/\/muzeum.ostroleka.pl\/index.php?rest_route=%2Fwp%2Fv2%2Fcategories&post=3376"},{"taxonomy":"post_tag","embeddable":true,"href":"https:\/\/muzeum.ostroleka.pl\/index.php?rest_route=%2Fwp%2Fv2%2Ftags&post=3376"}],"curies":[{"name":"wp","href":"https:\/\/api.w.org\/{rel}","templated":true}]}}