{"id":3414,"date":"2019-05-24T11:00:27","date_gmt":"2019-05-24T10:00:27","guid":{"rendered":"https:\/\/muzeum.ostroleka.pl\/?p=3414"},"modified":"2020-04-28T11:54:14","modified_gmt":"2020-04-28T10:54:14","slug":"wernisaz-nowej-wystawy-czasowej-3","status":"publish","type":"post","link":"https:\/\/muzeum.ostroleka.pl\/?p=3414","title":{"rendered":"Wernisa\u017c nowej wystawy czasowej"},"content":{"rendered":"<p style=\"text-align: justify;\">24 maja 2019 r. w Pomniku Mauzoleum odby\u0142 si\u0119 wernisa\u017c wystawy \u201eOto dni krwi i chwa\u0142y \u2013 Reduta Ordona i Rakietnicy Kr\u00f3lestwa Polskiego\u201d.<!--more--><\/p>\n<p style=\"text-align: justify;\">Wydarzenie rozpocz\u0105\u0142 wyk\u0142ad prof. Boles\u0142awa Or\u0142owskiego, kt\u00f3ry przybli\u017cy\u0142 temat osi\u0105gni\u0119\u0107 in\u017cynierskich Wielkiej Emigracji. Nast\u0119pnie kurator wystawy \u2013 Jacek Borkowski (pracownik Pa\u0144stwowego Muzeum Archeologicznego w Warszawie) \u2013 w trakcie oprowadzania kuratorskiego wyja\u015bni\u0142 cel i g\u0142\u00f3wne za\u0142o\u017cenia ekspozycji.<\/p>\n<p style=\"text-align: justify;\">Wystawa zosta\u0142a przygotowana przez Pa\u0144stwowe Muzeum Archeologiczne w Warszawie.<\/p>\n<p style=\"text-align: justify;\">Ekspozycja podzielona jest na dwa bloki tematyczne.<\/p>\n<p style=\"text-align: justify;\">Pierwsza cz\u0119\u015b\u0107 prezentuje zagadnienia zwi\u0105zane z pocz\u0105tkiem rakietnictwa polskiego, wykorzystywanego do dzia\u0142a\u0144 zbrojnych w 1 po\u0142. XIX wieku. Ukazane s\u0105 sylwetki najwa\u017cniejszych postaci zwi\u0105zanych z t\u0105 dziedzin\u0105 artylerii, prezentowany jest warsztat, w kt\u00f3rym produkowano pierwsze rakiety oraz rekonstrukcje dziewi\u0119tnastowiecznych pocisk\u00f3w.<\/p>\n<p style=\"text-align: justify;\">Druga cz\u0119\u015b\u0107 wystawy opowiada histori\u0119 walk, w trakcie Bitwy o Warszaw\u0119 6.09.1831 r., wojsk polskich i rosyjskich na Reducie Ordona. Mo\u017cemy dzi\u015b odtworzy\u0107 przebieg tego starcia na podstawie znalezisk z bada\u0144 archeologicznych prowadzonych na reducie przez Pa\u0144stwowe Muzeum Archeologiczne w Warszawie. Obiekty prezentowane na ekspozycji ukazuj\u0105 militaria oraz przedmioty osobiste poleg\u0142ych \u017co\u0142nierzy. Zaprezentowana jest r\u00f3wnie\u017c sylwetka bohatera wspomnianej batalii Konstantego Juliana Ordona.<\/p>\n<p style=\"text-align: justify;\">Na wystawie s\u0105 pokazane tak\u017ce eksponaty pozyskane w wyniku wsp\u00f3\u0142pracy z Muzeum Mazowieckim w P\u0142ocku i Muzeum Wojska Polskiego w Warszawie.<\/p>\n<p style=\"text-align: justify;\">Wystawa prezentowana b\u0119dzie do 22 listopada 2019 r. w Pomniku Mauzoleum (ul. Warszawska 2a).<\/p>\nngg_shortcode_0_placeholder\n","protected":false},"excerpt":{"rendered":"<p>24 maja 2019 r. w Pomniku Mauzoleum odby\u0142 si\u0119 wernisa\u017c wystawy \u201eOto dni krwi i chwa\u0142y \u2013 Reduta Ordona i Rakietnicy Kr\u00f3lestwa Polskiego\u201d.<\/p>\n","protected":false},"author":3,"featured_media":3424,"comment_status":"closed","ping_status":"closed","sticky":false,"template":"","format":"standard","meta":{"_acf_changed":false,"_lmt_disableupdate":"","_lmt_disable":"","_monsterinsights_skip_tracking":false,"_monsterinsights_sitenote_active":false,"_monsterinsights_sitenote_note":"","_monsterinsights_sitenote_category":0,"ngg_post_thumbnail":0,"footnotes":""},"categories":[3],"tags":[],"class_list":["post-3414","post","type-post","status-publish","format-standard","has-post-thumbnail","hentry","category-aktualnosci"],"acf":[],"modified_by":"Daniel Go\u0142a\u015b","_links":{"self":[{"href":"https:\/\/muzeum.ostroleka.pl\/index.php?rest_route=\/wp\/v2\/posts\/3414","targetHints":{"allow":["GET"]}}],"collection":[{"href":"https:\/\/muzeum.ostroleka.pl\/index.php?rest_route=\/wp\/v2\/posts"}],"about":[{"href":"https:\/\/muzeum.ostroleka.pl\/index.php?rest_route=\/wp\/v2\/types\/post"}],"author":[{"embeddable":true,"href":"https:\/\/muzeum.ostroleka.pl\/index.php?rest_route=\/wp\/v2\/users\/3"}],"replies":[{"embeddable":true,"href":"https:\/\/muzeum.ostroleka.pl\/index.php?rest_route=%2Fwp%2Fv2%2Fcomments&post=3414"}],"version-history":[{"count":2,"href":"https:\/\/muzeum.ostroleka.pl\/index.php?rest_route=\/wp\/v2\/posts\/3414\/revisions"}],"predecessor-version":[{"id":4107,"href":"https:\/\/muzeum.ostroleka.pl\/index.php?rest_route=\/wp\/v2\/posts\/3414\/revisions\/4107"}],"wp:featuredmedia":[{"embeddable":true,"href":"https:\/\/muzeum.ostroleka.pl\/index.php?rest_route=\/wp\/v2\/media\/3424"}],"wp:attachment":[{"href":"https:\/\/muzeum.ostroleka.pl\/index.php?rest_route=%2Fwp%2Fv2%2Fmedia&parent=3414"}],"wp:term":[{"taxonomy":"category","embeddable":true,"href":"https:\/\/muzeum.ostroleka.pl\/index.php?rest_route=%2Fwp%2Fv2%2Fcategories&post=3414"},{"taxonomy":"post_tag","embeddable":true,"href":"https:\/\/muzeum.ostroleka.pl\/index.php?rest_route=%2Fwp%2Fv2%2Ftags&post=3414"}],"curies":[{"name":"wp","href":"https:\/\/api.w.org\/{rel}","templated":true}]}}