{"id":3626,"date":"2020-05-13T14:33:25","date_gmt":"2020-05-13T13:33:25","guid":{"rendered":"https:\/\/muzeum.ostroleka.pl\/?p=3626"},"modified":"2020-05-13T14:33:25","modified_gmt":"2020-05-13T13:33:25","slug":"muzeum-kultury-kurpiowskiej-w-ostrolece-zostanie-otwarte-dla-zwiedzajacych","status":"publish","type":"post","link":"https:\/\/muzeum.ostroleka.pl\/?p=3626","title":{"rendered":"Muzeum Kultury Kurpiowskiej w Ostro\u0142\u0119ce zostanie otwarte dla zwiedzaj\u0105cych"},"content":{"rendered":"<p style=\"text-align: justify;\">Szanowni Pa\u0144stwo, uprzejmie informujemy, \u017ce od dnia 16 maja 2020 r. Muzeum Kultury Kurpiowskiej w Ostro\u0142\u0119ce, Pomnik Mauzoleum oraz Zagroda Kurpiowska w Kadzidle zostan\u0105 otwarte dla zwiedzaj\u0105cych. Zwiedzanie b\u0119dzie mo\u017cliwe wed\u0142ug nowych zasad przewiduj\u0105cych zastosowanie re\u017cimu sanitarnego wprowadzonego w zwi\u0105zku z pandemi\u0105 COVID-19. Zasady zwiedzania znajduj\u0105 si\u0119 na naszej stronie internetowej w menu ZWIEDZANIE.<!--more--><\/p>\n","protected":false},"excerpt":{"rendered":"<p>Szanowni Pa\u0144stwo, uprzejmie informujemy, \u017ce od dnia 16 maja 2020 r. Muzeum Kultury Kurpiowskiej w Ostro\u0142\u0119ce, Pomnik Mauzoleum oraz Zagroda Kurpiowska w Kadzidle zostan\u0105 otwarte dla zwiedzaj\u0105cych. Zwiedzanie b\u0119dzie mo\u017cliwe wed\u0142ug nowych zasad przewiduj\u0105cych zastosowanie re\u017cimu sanitarnego wprowadzonego w zwi\u0105zku z pandemi\u0105 COVID-19. Zasady zwiedzania znajduj\u0105 si\u0119 na naszej stronie internetowej w menu ZWIEDZANIE.<\/p>\n","protected":false},"author":3,"featured_media":414,"comment_status":"closed","ping_status":"closed","sticky":false,"template":"","format":"standard","meta":{"_acf_changed":false,"_lmt_disableupdate":"","_lmt_disable":"","_monsterinsights_skip_tracking":false,"_monsterinsights_sitenote_active":false,"_monsterinsights_sitenote_note":"","_monsterinsights_sitenote_category":0,"ngg_post_thumbnail":0,"footnotes":""},"categories":[3],"tags":[],"class_list":["post-3626","post","type-post","status-publish","format-standard","has-post-thumbnail","hentry","category-aktualnosci"],"acf":[],"modified_by":"Daniel Go\u0142a\u015b","_links":{"self":[{"href":"https:\/\/muzeum.ostroleka.pl\/index.php?rest_route=\/wp\/v2\/posts\/3626","targetHints":{"allow":["GET"]}}],"collection":[{"href":"https:\/\/muzeum.ostroleka.pl\/index.php?rest_route=\/wp\/v2\/posts"}],"about":[{"href":"https:\/\/muzeum.ostroleka.pl\/index.php?rest_route=\/wp\/v2\/types\/post"}],"author":[{"embeddable":true,"href":"https:\/\/muzeum.ostroleka.pl\/index.php?rest_route=\/wp\/v2\/users\/3"}],"replies":[{"embeddable":true,"href":"https:\/\/muzeum.ostroleka.pl\/index.php?rest_route=%2Fwp%2Fv2%2Fcomments&post=3626"}],"version-history":[{"count":1,"href":"https:\/\/muzeum.ostroleka.pl\/index.php?rest_route=\/wp\/v2\/posts\/3626\/revisions"}],"predecessor-version":[{"id":3627,"href":"https:\/\/muzeum.ostroleka.pl\/index.php?rest_route=\/wp\/v2\/posts\/3626\/revisions\/3627"}],"wp:featuredmedia":[{"embeddable":true,"href":"https:\/\/muzeum.ostroleka.pl\/index.php?rest_route=\/wp\/v2\/media\/414"}],"wp:attachment":[{"href":"https:\/\/muzeum.ostroleka.pl\/index.php?rest_route=%2Fwp%2Fv2%2Fmedia&parent=3626"}],"wp:term":[{"taxonomy":"category","embeddable":true,"href":"https:\/\/muzeum.ostroleka.pl\/index.php?rest_route=%2Fwp%2Fv2%2Fcategories&post=3626"},{"taxonomy":"post_tag","embeddable":true,"href":"https:\/\/muzeum.ostroleka.pl\/index.php?rest_route=%2Fwp%2Fv2%2Ftags&post=3626"}],"curies":[{"name":"wp","href":"https:\/\/api.w.org\/{rel}","templated":true}]}}