{"id":3765,"date":"2020-05-19T11:11:56","date_gmt":"2020-05-19T10:11:56","guid":{"rendered":"https:\/\/muzeum.ostroleka.pl\/?p=3765"},"modified":"2020-06-04T14:42:17","modified_gmt":"2020-06-04T13:42:17","slug":"rodzinny-piknik-edukacyjny-pt-z-mala-walizka-w-wielki-swiat","status":"publish","type":"post","link":"https:\/\/muzeum.ostroleka.pl\/?p=3765","title":{"rendered":"Rodzinny piknik edukacyjny pt. &#8222;Z ma\u0142\u0105 walizk\u0105 w wielki \u015bwiat&#8221;"},"content":{"rendered":"<p>Marzycie o dalekich wyprawach? Na razie jest to niemo\u017cliwe. Nic nie szkodzi!<br \/>\nMuzeum Kultury Kurpiowskiej w Ostro\u0142\u0119ce zaprasza 6 czerwca 2020 r. dzieci, rodzic\u00f3w, dziadk\u00f3w na rodzinny piknik edukacyjny pt. &#8222;Z ma\u0142\u0105 walizk\u0105 w wielki \u015bwiat&#8221;.<!--more--> Zabierzemy Was w odleg\u0142e zak\u0105tki \u015bwiata, m.in. do Japonii, do Australii, na Ba\u0142kany i do Ameryki P\u00f3\u0142nocnej. Zatrzymamy si\u0119 u st\u00f3p wulkanu Fud\u017ci, w Parku Kakadu, pod ska\u0142\u0105 Uluru, na Wielkiej Prerii\u2026<br \/>\nZapowiada si\u0119 moc wra\u017ce\u0144. Wystarczy zabra\u0107 ze sob\u0105 wyobra\u017ani\u0119, ch\u0119\u0107 poznania i dobry humor.<br \/>\nNa wsp\u00f3ln\u0105 wypraw\u0119 do miejsc niezwyk\u0142ych zabierzcie ze sob\u0105 kosze piknikowe (podr\u00f3\u017c b\u0119dzie daleka) i koce. Walizk\u0119 podr\u00f3\u017cnika otrzymacie od nas w prezencie.<\/p>\n<p>&nbsp;<\/p>\n<p>Wst\u0119p na um\u00f3wion\u0105 godzin\u0119. Konieczna rezerwacja pod numerem tel. 29 764 54 43<br \/>\n<strong>Zapisy:<\/strong> do 3 czerwca 2020 r.<br \/>\n<strong>Cena:<\/strong> 10 z\u0142<br \/>\n<strong>Termin wydarzenia:<\/strong> 6 czerwca 2020 r. w godz. 12.00-19.00. Czas trwania spotkania ok. 2 godz.<br \/>\n<strong>Miejsce:<\/strong> Forty Bema, Ostro\u0142\u0119ka, ul. Warszawska 2a<\/p>\n","protected":false},"excerpt":{"rendered":"<p>Marzycie o dalekich wyprawach? Na razie jest to niemo\u017cliwe. Nic nie szkodzi! Muzeum Kultury Kurpiowskiej w Ostro\u0142\u0119ce zaprasza 6 czerwca 2020 r. dzieci, rodzic\u00f3w, dziadk\u00f3w na rodzinny piknik edukacyjny pt. &#8222;Z ma\u0142\u0105 walizk\u0105 w wielki \u015bwiat&#8221;.<\/p>\n","protected":false},"author":3,"featured_media":3769,"comment_status":"closed","ping_status":"closed","sticky":false,"template":"","format":"standard","meta":{"_acf_changed":false,"_lmt_disableupdate":"","_lmt_disable":"","_monsterinsights_skip_tracking":false,"_monsterinsights_sitenote_active":false,"_monsterinsights_sitenote_note":"","_monsterinsights_sitenote_category":0,"ngg_post_thumbnail":0,"footnotes":""},"categories":[3,19],"tags":[],"class_list":["post-3765","post","type-post","status-publish","format-standard","has-post-thumbnail","hentry","category-aktualnosci","category-imprezy-rodzinne"],"acf":[],"modified_by":"Daniel Go\u0142a\u015b","_links":{"self":[{"href":"https:\/\/muzeum.ostroleka.pl\/index.php?rest_route=\/wp\/v2\/posts\/3765","targetHints":{"allow":["GET"]}}],"collection":[{"href":"https:\/\/muzeum.ostroleka.pl\/index.php?rest_route=\/wp\/v2\/posts"}],"about":[{"href":"https:\/\/muzeum.ostroleka.pl\/index.php?rest_route=\/wp\/v2\/types\/post"}],"author":[{"embeddable":true,"href":"https:\/\/muzeum.ostroleka.pl\/index.php?rest_route=\/wp\/v2\/users\/3"}],"replies":[{"embeddable":true,"href":"https:\/\/muzeum.ostroleka.pl\/index.php?rest_route=%2Fwp%2Fv2%2Fcomments&post=3765"}],"version-history":[{"count":5,"href":"https:\/\/muzeum.ostroleka.pl\/index.php?rest_route=\/wp\/v2\/posts\/3765\/revisions"}],"predecessor-version":[{"id":3771,"href":"https:\/\/muzeum.ostroleka.pl\/index.php?rest_route=\/wp\/v2\/posts\/3765\/revisions\/3771"}],"wp:featuredmedia":[{"embeddable":true,"href":"https:\/\/muzeum.ostroleka.pl\/index.php?rest_route=\/wp\/v2\/media\/3769"}],"wp:attachment":[{"href":"https:\/\/muzeum.ostroleka.pl\/index.php?rest_route=%2Fwp%2Fv2%2Fmedia&parent=3765"}],"wp:term":[{"taxonomy":"category","embeddable":true,"href":"https:\/\/muzeum.ostroleka.pl\/index.php?rest_route=%2Fwp%2Fv2%2Fcategories&post=3765"},{"taxonomy":"post_tag","embeddable":true,"href":"https:\/\/muzeum.ostroleka.pl\/index.php?rest_route=%2Fwp%2Fv2%2Ftags&post=3765"}],"curies":[{"name":"wp","href":"https:\/\/api.w.org\/{rel}","templated":true}]}}