{"id":3866,"date":"2020-06-05T12:14:46","date_gmt":"2020-06-05T11:14:46","guid":{"rendered":"https:\/\/muzeum.ostroleka.pl\/?p=3866"},"modified":"2020-11-17T09:48:19","modified_gmt":"2020-11-17T08:48:19","slug":"o-czarne-wody-narwi","status":"publish","type":"post","link":"https:\/\/muzeum.ostroleka.pl\/?p=3866","title":{"rendered":"\u201eO czarne wody Narwi\u201d"},"content":{"rendered":"<p style=\"text-align: justify;\">Jan D\u0142ugosz pisa\u0142 o czarnych wodach Narwi, za\u015b Wiktor Gomulicki s\u0142awi\u0142 jej b\u0142\u0119kit. W ci\u0105gu wiek\u00f3w wiele os\u00f3b pisa\u0142o o najwa\u017cniejszej rzece p\u00f3\u0142nocnego Mazowsza i Podlasia. Ka\u017cdy widzia\u0142 j\u0105 inaczej. By\u0142a \u015bwiadkiem wielu dramatycznych wydarze\u0144, kt\u00f3rych historia nie szcz\u0119dzi\u0142a Polakom.<!--more--> Tematyk\u0119 t\u0119 podj\u0105\u0142 w ksi\u0105\u017cce \u201eO czarne wody Narwi\u201d Henryk Syska. Autor w formie gaw\u0119dy snuje opowie\u015b\u0107 przeplatan\u0105 relacjami kronikarzy, badaczy, ale te\u017c fragmentami poezji i prozy po\u015bwi\u0119conymi Narwi.<br \/>\nW ramach obchod\u00f3w Roku Henryka Syski w Ostro\u0142\u0119ce Muzeum Kultury Kurpiowskiej, Miejska Biblioteka Publiczna im. W. Gomulickiego w Ostro\u0142\u0119ce oraz Stowarzyszenie Przyjaci\u00f3\u0142 Bibliotek i Ksi\u0105\u017cki, przy wsparciu finansowym Prezydenta Miasta Ostro\u0142\u0119ki, podj\u0119\u0142y si\u0119 ponownego wydania tej interesuj\u0105cej pozycji.<br \/>\nZ ogromn\u0105 przyjemno\u015bci\u0105 informujemy, \u017ce prace nad przygotowaniem publikacji ju\u017c trwaj\u0105, a wydanie drugie, opatrzone ilustracjami ze zbior\u00f3w Muzeum Kultury Kurpiowskiej, trafi do Pa\u0144stwa r\u0105k ju\u017c we wrze\u015bniu.<\/p>\n","protected":false},"excerpt":{"rendered":"<p>Jan D\u0142ugosz pisa\u0142 o czarnych wodach Narwi, za\u015b Wiktor Gomulicki s\u0142awi\u0142 jej b\u0142\u0119kit. W ci\u0105gu wiek\u00f3w wiele os\u00f3b pisa\u0142o o najwa\u017cniejszej rzece p\u00f3\u0142nocnego Mazowsza i Podlasia. Ka\u017cdy widzia\u0142 j\u0105 inaczej. By\u0142a \u015bwiadkiem wielu dramatycznych wydarze\u0144, kt\u00f3rych historia nie szcz\u0119dzi\u0142a Polakom.<\/p>\n","protected":false},"author":3,"featured_media":3869,"comment_status":"closed","ping_status":"closed","sticky":false,"template":"","format":"standard","meta":{"_acf_changed":false,"_lmt_disableupdate":"","_lmt_disable":"","_monsterinsights_skip_tracking":false,"_monsterinsights_sitenote_active":false,"_monsterinsights_sitenote_note":"","_monsterinsights_sitenote_category":0,"ngg_post_thumbnail":0,"footnotes":""},"categories":[3],"tags":[],"class_list":["post-3866","post","type-post","status-publish","format-standard","has-post-thumbnail","hentry","category-aktualnosci"],"acf":[],"modified_by":"Daniel Go\u0142a\u015b","_links":{"self":[{"href":"https:\/\/muzeum.ostroleka.pl\/index.php?rest_route=\/wp\/v2\/posts\/3866","targetHints":{"allow":["GET"]}}],"collection":[{"href":"https:\/\/muzeum.ostroleka.pl\/index.php?rest_route=\/wp\/v2\/posts"}],"about":[{"href":"https:\/\/muzeum.ostroleka.pl\/index.php?rest_route=\/wp\/v2\/types\/post"}],"author":[{"embeddable":true,"href":"https:\/\/muzeum.ostroleka.pl\/index.php?rest_route=\/wp\/v2\/users\/3"}],"replies":[{"embeddable":true,"href":"https:\/\/muzeum.ostroleka.pl\/index.php?rest_route=%2Fwp%2Fv2%2Fcomments&post=3866"}],"version-history":[{"count":1,"href":"https:\/\/muzeum.ostroleka.pl\/index.php?rest_route=\/wp\/v2\/posts\/3866\/revisions"}],"predecessor-version":[{"id":3868,"href":"https:\/\/muzeum.ostroleka.pl\/index.php?rest_route=\/wp\/v2\/posts\/3866\/revisions\/3868"}],"wp:featuredmedia":[{"embeddable":true,"href":"https:\/\/muzeum.ostroleka.pl\/index.php?rest_route=\/wp\/v2\/media\/3869"}],"wp:attachment":[{"href":"https:\/\/muzeum.ostroleka.pl\/index.php?rest_route=%2Fwp%2Fv2%2Fmedia&parent=3866"}],"wp:term":[{"taxonomy":"category","embeddable":true,"href":"https:\/\/muzeum.ostroleka.pl\/index.php?rest_route=%2Fwp%2Fv2%2Fcategories&post=3866"},{"taxonomy":"post_tag","embeddable":true,"href":"https:\/\/muzeum.ostroleka.pl\/index.php?rest_route=%2Fwp%2Fv2%2Ftags&post=3866"}],"curies":[{"name":"wp","href":"https:\/\/api.w.org\/{rel}","templated":true}]}}