{"id":395,"date":"2017-03-22T09:53:31","date_gmt":"2017-03-22T08:53:31","guid":{"rendered":"http:\/\/mkk.wisnia.pl\/?p=395"},"modified":"2020-03-04T08:26:42","modified_gmt":"2020-03-04T07:26:42","slug":"nowy-nabytek-muzeum","status":"publish","type":"post","link":"https:\/\/muzeum.ostroleka.pl\/?p=395","title":{"rendered":"Nowy nabytek muzeum"},"content":{"rendered":"<p>Z przyjemno\u015bci\u0105 informujemy, \u017ce dzi\u0119ki dotacji Samorz\u0105du Wojew\u00f3dztwa Mazowieckiego nabyli\u015bmy nieznany dot\u0105d obraz Karola Malankiewicza, kt\u00f3rego (zapewne wt\u00f3rny) tytu\u0142 brzmi Scena batalistyczna. Obraz zosta\u0142 namalowany w technice olejnej na p\u0142\u00f3tnie o wymiarach 71 cm x 92 cm. Sygnatura na obrazie informuje nas nie tylko o autorze ale r\u00f3wnie\u017c o miejscu i czasie jego powstania &#8211; w Pary\u017cu, w 1843 roku, czyli w kilkana\u015bcie lat po tym, jak kapitan Karol Malankiewicz, uczestnik bitew powstania listopadowego, w tym bitwy pod Ostro\u0142\u0119k\u0105 26 maja 1831 roku, przyby\u0142 do Francji, by wie\u015b\u0107 \u017cywot tu\u0142acza-emigranta.<\/p>\n<p>Obraz przedstawia pole bitwy z 1831 roku, krajobraz pofalowany rozlewaj\u0105cymi si\u0119 \u0142agodnie pag\u00f3rkami, spowitych dymem bitewnym, na kt\u00f3rych grupy walcz\u0105cych \u017co\u0142nierzy, np. Krakus\u00f3w, strzelc\u00f3w rosyjskich. W oddali krzy\u017c, a na pierwszym planie cia\u0142o poleg\u0142ego \u017co\u0142nierza, kt\u00f3re na my\u015bl przywodzi podobny widok z obrazu Bitwa pod Ostro\u0142\u0119k\u0105 Karola Malankiewicza.<\/p>\n<p>Obraz zosta\u0142 nabyty we Francji i trafi\u0142 do antykwariusza w Gnie\u017anie. P\u0142\u00f3tno by\u0142o niegdy\u015b z\u0142o\u017cone, przez co pop\u0119ka\u0142o, a cz\u0119\u015bci zaprawy i warstwy malarskiej wykruszy\u0142y si\u0119. W 2009 roku obraz przeszed\u0142 konserwacj\u0119 i dzi\u015b prezentuje si\u0119 dobrze. Wiele jego cech \u2013 kompozycja, pejza\u017c, sztafa\u017c, poszczeg\u00f3lne sceny, postaci \u017co\u0142nierzy, ko\u0144 sp\u0142oszony hukiem wystrza\u0142\u00f3w wskazuj\u0105 na podobie\u0144stwo do litografii przedstawiaj\u0105cej bitw\u0119 pod Stoczkiem autorstwa Victora Adama. Z kolei Adam stworzy\u0142 j\u0105 wzoruj\u0105c si\u0119 obrazem Malankiewicza zatytu\u0142owanym Pierwsza bitwa jak\u0105 powsta\u0144cze wojsko polskie wygra\u0142o z Rosjanami pod Stoczkiem, 14 lutego 1831 r. P\u0142\u00f3tno Malankiewicza eksponowane by\u0142o w Salonie Paryskim w 1845 roku. Znane jest wy\u0142\u0105cznie z opis\u00f3w, jakie drukowane by\u0142y w prasie z okazji Salonu. Bardziej szczeg\u00f3\u0142owe badania i ekspertyzy potwierdz\u0105, czy mamy do czynienia z obrazem uznawanym za zaginiony.<\/p>\n<p>Karol Malankiewicz, [Scena batalistyczna], olej na p\u0142\u00f3tnie, Pary\u017c, 1843 r., 71&#215;92 cm, nr inw. MKK\/H\/2435.<\/p>\n<p>&nbsp;<\/p>\n<p><img loading=\"lazy\" decoding=\"async\" class=\"alignnone size-medium wp-image-391\" src=\"http:\/\/mkk.wisnia.pl\/wp-content\/uploads\/2019\/10\/Logo-mazowsze-300x107.jpg\" alt=\"\" width=\"300\" height=\"107\" srcset=\"https:\/\/muzeum.ostroleka.pl\/wp-content\/uploads\/2019\/10\/Logo-mazowsze-300x107.jpg 300w, https:\/\/muzeum.ostroleka.pl\/wp-content\/uploads\/2019\/10\/Logo-mazowsze-500x179.jpg 500w, https:\/\/muzeum.ostroleka.pl\/wp-content\/uploads\/2019\/10\/Logo-mazowsze.jpg 517w\" sizes=\"auto, (max-width: 300px) 100vw, 300px\" \/><\/p>\n<p>&nbsp;<\/p>\n<p>&nbsp;<\/p>\n","protected":false},"excerpt":{"rendered":"<p>Z przyjemno\u015bci\u0105 informujemy, \u017ce dzi\u0119ki dotacji Samorz\u0105du Wojew\u00f3dztwa Mazowieckiego nabyli\u015bmy nieznany dot\u0105d obraz Karola Malankiewicza, kt\u00f3rego (zapewne wt\u00f3rny) tytu\u0142 brzmi Scena batalistyczna. Obraz zosta\u0142 namalowany w technice olejnej na p\u0142\u00f3tnie o wymiarach 71 cm x 92 cm. Sygnatura na obrazie informuje nas nie tylko o autorze ale r\u00f3wnie\u017c o miejscu i czasie jego powstania &#8211; [&hellip;]<\/p>\n","protected":false},"author":1,"featured_media":402,"comment_status":"closed","ping_status":"closed","sticky":false,"template":"","format":"standard","meta":{"_acf_changed":false,"_lmt_disableupdate":"","_lmt_disable":"","_monsterinsights_skip_tracking":false,"_monsterinsights_sitenote_active":false,"_monsterinsights_sitenote_note":"","_monsterinsights_sitenote_category":0,"ngg_post_thumbnail":0,"footnotes":""},"categories":[9],"tags":[],"class_list":["post-395","post","type-post","status-publish","format-standard","has-post-thumbnail","hentry","category-inwestycje"],"acf":[],"modified_by":"Daniel Go\u0142a\u015b","_links":{"self":[{"href":"https:\/\/muzeum.ostroleka.pl\/index.php?rest_route=\/wp\/v2\/posts\/395","targetHints":{"allow":["GET"]}}],"collection":[{"href":"https:\/\/muzeum.ostroleka.pl\/index.php?rest_route=\/wp\/v2\/posts"}],"about":[{"href":"https:\/\/muzeum.ostroleka.pl\/index.php?rest_route=\/wp\/v2\/types\/post"}],"author":[{"embeddable":true,"href":"https:\/\/muzeum.ostroleka.pl\/index.php?rest_route=\/wp\/v2\/users\/1"}],"replies":[{"embeddable":true,"href":"https:\/\/muzeum.ostroleka.pl\/index.php?rest_route=%2Fwp%2Fv2%2Fcomments&post=395"}],"version-history":[{"count":2,"href":"https:\/\/muzeum.ostroleka.pl\/index.php?rest_route=\/wp\/v2\/posts\/395\/revisions"}],"predecessor-version":[{"id":403,"href":"https:\/\/muzeum.ostroleka.pl\/index.php?rest_route=\/wp\/v2\/posts\/395\/revisions\/403"}],"wp:featuredmedia":[{"embeddable":true,"href":"https:\/\/muzeum.ostroleka.pl\/index.php?rest_route=\/wp\/v2\/media\/402"}],"wp:attachment":[{"href":"https:\/\/muzeum.ostroleka.pl\/index.php?rest_route=%2Fwp%2Fv2%2Fmedia&parent=395"}],"wp:term":[{"taxonomy":"category","embeddable":true,"href":"https:\/\/muzeum.ostroleka.pl\/index.php?rest_route=%2Fwp%2Fv2%2Fcategories&post=395"},{"taxonomy":"post_tag","embeddable":true,"href":"https:\/\/muzeum.ostroleka.pl\/index.php?rest_route=%2Fwp%2Fv2%2Ftags&post=395"}],"curies":[{"name":"wp","href":"https:\/\/api.w.org\/{rel}","templated":true}]}}