{"id":4175,"date":"2020-07-02T10:43:26","date_gmt":"2020-07-02T09:43:26","guid":{"rendered":"https:\/\/muzeum.ostroleka.pl\/?p=4175"},"modified":"2020-07-02T10:43:26","modified_gmt":"2020-07-02T09:43:26","slug":"sprowadzenie-do-polski-prochow-generala-jozefa-bema","status":"publish","type":"post","link":"https:\/\/muzeum.ostroleka.pl\/?p=4175","title":{"rendered":"Sprowadzenie do Polski proch\u00f3w genera\u0142a J\u00f3zefa Bema"},"content":{"rendered":"<p style=\"text-align: justify;\">W\u0142a\u015bnie min\u0119\u0142a 91. rocznica sprowadzenia do Polski proch\u00f3w genera\u0142a J\u00f3zefa Bema. Bohater powstania listopadowego i walk o niepodleg\u0142o\u015b\u0107 W\u0119gier w 1848-1849 roku zmar\u0142 w 1850 roku w tureckim Aleppo (obecnie w Syrii) i zosta\u0142 pochowany na muzu\u0142ma\u0144skim cmentarzu wojskowym D\u017cebel-el-Isam. W drugiej po\u0142owie lat dwudziestych XX wieku, w niepodleg\u0142ej ju\u017c Polsce, zrodzi\u0142 si\u0119 pomys\u0142 przewiezienia szcz\u0105tk\u00f3w genera\u0142a do ojczyzny.<!--more--> Zawi\u0105zano w tym celu \u201eKomitet Sprowadzenia do Kraju Zw\u0142ok Genera\u0142a J\u00f3zefa Bema\u201d, w sk\u0142ad kt\u00f3rego wesz\u0142y najwa\u017cniejsze osoby w pa\u0144stwie. Byli w\u015br\u00f3d nich: prezydent Polski Ignacy Mo\u015bcicki, marsza\u0142ek J\u00f3zef Pi\u0142sudski, wicepremier Kazimierz Bartel, minister spraw zagranicznych August Zaleski oraz ministrowie pe\u0142nomocni W\u0119gier i Turcji.<\/p>\n<p style=\"text-align: justify;\">Powt\u00f3rny poch\u00f3wek J\u00f3zefa Bema odby\u0142 si\u0119 30 czerwca 1929 roku w Tarnowie, jego rodzinnym mie\u015bcie. Szcz\u0105tki zosta\u0142y uroczy\u015bcie z\u0142o\u017cone w mauzoleum zaprojektowanym przez Adolfa Szyszko-Bohusza. Sarkofag wzniesiony na trzech parach kolumn i ulokowany w \u015brodku stawu w Parku Strzeleckim by\u0142 form\u0105 kompromisu \u0142agodz\u0105cego zastrze\u017cenia biskup\u00f3w katolickich zwi\u0105zane z poch\u00f3wkiem Bema w po\u015bwi\u0119conej ziemi, gdy\u017c ten pod koniec \u017cycia przeszed\u0142 na islam. Genera\u0142 spocz\u0105\u0142 w ojczy\u017anie, a jednocze\u015bnie &#8211; nie w ziemi.<\/p>\n<p style=\"text-align: justify;\">Sprowadzenie proch\u00f3w i pogrzeb genera\u0142a Bema nale\u017ca\u0142y do jednych z najwa\u017cniejszych uroczysto\u015bci patriotycznych II Rzeczpospolitej. Zosta\u0142y uwiecznione licznymi fotografiami dokumentuj\u0105cymi poszczeg\u00f3lne etapy tego donios\u0142ego wydarzenia. Poni\u017cej prezentujemy jedn\u0105 z nich, znajduj\u0105c\u0105 si\u0119 w zbiorach Muzeum Kultury Kurpiowskiej w Ostro\u0142\u0119ce.<\/p>\n<p>&nbsp;<\/p>\n<p style=\"text-align: justify;\">Kondukt \u017ca\u0142obny z trumn\u0105 genera\u0142a J\u00f3zefa Bema, autor nieznany, Tarn\u00f3w, 1929 r., fotografia, nr inw. MKK\/HA\/2466<\/p>\nngg_shortcode_0_placeholder\n<p>&nbsp;<\/p>\n<p>&nbsp;<\/p>\n<p>Poczt\u00f3wka przedstawiaj\u0105ca mauzoleum J\u00f3zefa Bema w Tarnowie, nr inw. MOO\/HA\/296<\/p>\nngg_shortcode_1_placeholder\n","protected":false},"excerpt":{"rendered":"<p>W\u0142a\u015bnie min\u0119\u0142a 91. rocznica sprowadzenia do Polski proch\u00f3w genera\u0142a J\u00f3zefa Bema. Bohater powstania listopadowego i walk o niepodleg\u0142o\u015b\u0107 W\u0119gier w 1848-1849 roku zmar\u0142 w 1850 roku w tureckim Aleppo (obecnie w Syrii) i zosta\u0142 pochowany na muzu\u0142ma\u0144skim cmentarzu wojskowym D\u017cebel-el-Isam. W drugiej po\u0142owie lat dwudziestych XX wieku, w niepodleg\u0142ej ju\u017c Polsce, zrodzi\u0142 si\u0119 pomys\u0142 przewiezienia [&hellip;]<\/p>\n","protected":false},"author":3,"featured_media":4185,"comment_status":"closed","ping_status":"closed","sticky":false,"template":"","format":"standard","meta":{"_acf_changed":false,"_lmt_disableupdate":"","_lmt_disable":"","_monsterinsights_skip_tracking":false,"_monsterinsights_sitenote_active":false,"_monsterinsights_sitenote_note":"","_monsterinsights_sitenote_category":0,"ngg_post_thumbnail":0,"footnotes":""},"categories":[3,55],"tags":[],"class_list":["post-4175","post","type-post","status-publish","format-standard","has-post-thumbnail","hentry","category-aktualnosci","category-wirtualne-muzeum"],"acf":[],"modified_by":"Daniel Go\u0142a\u015b","_links":{"self":[{"href":"https:\/\/muzeum.ostroleka.pl\/index.php?rest_route=\/wp\/v2\/posts\/4175","targetHints":{"allow":["GET"]}}],"collection":[{"href":"https:\/\/muzeum.ostroleka.pl\/index.php?rest_route=\/wp\/v2\/posts"}],"about":[{"href":"https:\/\/muzeum.ostroleka.pl\/index.php?rest_route=\/wp\/v2\/types\/post"}],"author":[{"embeddable":true,"href":"https:\/\/muzeum.ostroleka.pl\/index.php?rest_route=\/wp\/v2\/users\/3"}],"replies":[{"embeddable":true,"href":"https:\/\/muzeum.ostroleka.pl\/index.php?rest_route=%2Fwp%2Fv2%2Fcomments&post=4175"}],"version-history":[{"count":6,"href":"https:\/\/muzeum.ostroleka.pl\/index.php?rest_route=\/wp\/v2\/posts\/4175\/revisions"}],"predecessor-version":[{"id":4187,"href":"https:\/\/muzeum.ostroleka.pl\/index.php?rest_route=\/wp\/v2\/posts\/4175\/revisions\/4187"}],"wp:featuredmedia":[{"embeddable":true,"href":"https:\/\/muzeum.ostroleka.pl\/index.php?rest_route=\/wp\/v2\/media\/4185"}],"wp:attachment":[{"href":"https:\/\/muzeum.ostroleka.pl\/index.php?rest_route=%2Fwp%2Fv2%2Fmedia&parent=4175"}],"wp:term":[{"taxonomy":"category","embeddable":true,"href":"https:\/\/muzeum.ostroleka.pl\/index.php?rest_route=%2Fwp%2Fv2%2Fcategories&post=4175"},{"taxonomy":"post_tag","embeddable":true,"href":"https:\/\/muzeum.ostroleka.pl\/index.php?rest_route=%2Fwp%2Fv2%2Ftags&post=4175"}],"curies":[{"name":"wp","href":"https:\/\/api.w.org\/{rel}","templated":true}]}}