{"id":419,"date":"2018-06-18T10:03:22","date_gmt":"2018-06-18T09:03:22","guid":{"rendered":"http:\/\/mkk.wisnia.pl\/?p=419"},"modified":"2020-03-04T08:36:15","modified_gmt":"2020-03-04T07:36:15","slug":"419","status":"publish","type":"post","link":"https:\/\/muzeum.ostroleka.pl\/?p=419","title":{"rendered":"Remont dachu i poddasza"},"content":{"rendered":"<div class=\"leadArticle\">\n<p>Z przyjemno\u015bci\u0105 informujemy, i\u017c Muzeum Kultury Kurpiowskiej w&nbsp;Ostro\u0142\u0119ce otrzyma\u0142o ze \u015brodk\u00f3w Samorz\u0105du Wojew\u00f3dztwa Mazowieckiego dotacj\u0119 celow\u0105 na realizacj\u0119 zadania \u201eRemont dachu i poddasza\u201d w wysoko\u015bci 365&nbsp;246,00 z\u0142.<\/p>\n<\/div>\n<p>W ramach zadania wykonany zostanie remont dachu i poddasza budynku muzeum przy placu gen.&nbsp;J.&nbsp;Bema 8. Wymienione zostanie pokrycie dachowe, elementy wi\u0119\u017aby dachowej oraz okna. W&nbsp;pomieszczeniach zlokalizowanych na poddaszu przesuni\u0119ta zostanie \u015bciana dzia\u0142owa. Ponadto wymieniona zostanie posadzka, stolarka drzwiowa oraz instalacja elektryczna.<\/p>\n<p>Dzi\u0119ki wspomnianym dzia\u0142aniom w po\u0142\u0105czeniu z pracami prowadzonymi w ramach projektu&nbsp;<em>Per causam ad animi<\/em>&nbsp;w budynku przy placu gen. J. Bema 9 Muzeum Kultury Kurpiowskiej w Ostro\u0142\u0119ce otrzyma siedzib\u0119 godn\u0105 nowoczesnej instytucji muzealnej.<\/p>\n<p>&nbsp;<\/p>\n<p><img loading=\"lazy\" decoding=\"async\" class=\"alignnone size-medium wp-image-391\" src=\"http:\/\/mkk.wisnia.pl\/wp-content\/uploads\/2019\/10\/Logo-mazowsze-300x107.jpg\" alt=\"\" width=\"300\" height=\"107\" srcset=\"https:\/\/muzeum.ostroleka.pl\/wp-content\/uploads\/2019\/10\/Logo-mazowsze-300x107.jpg 300w, https:\/\/muzeum.ostroleka.pl\/wp-content\/uploads\/2019\/10\/Logo-mazowsze-500x179.jpg 500w, https:\/\/muzeum.ostroleka.pl\/wp-content\/uploads\/2019\/10\/Logo-mazowsze.jpg 517w\" sizes=\"auto, (max-width: 300px) 100vw, 300px\" \/><\/p>\n<p>&nbsp;<\/p>\n<p>&nbsp;<\/p>\n","protected":false},"excerpt":{"rendered":"<p>Z przyjemno\u015bci\u0105 informujemy, i\u017c Muzeum Kultury Kurpiowskiej w&nbsp;Ostro\u0142\u0119ce otrzyma\u0142o ze \u015brodk\u00f3w Samorz\u0105du Wojew\u00f3dztwa Mazowieckiego dotacj\u0119 celow\u0105 na realizacj\u0119 zadania \u201eRemont dachu i poddasza\u201d w wysoko\u015bci 365&nbsp;246,00 z\u0142. W ramach zadania wykonany zostanie remont dachu i poddasza budynku muzeum przy placu gen.&nbsp;J.&nbsp;Bema 8. Wymienione zostanie pokrycie dachowe, elementy wi\u0119\u017aby dachowej oraz okna. W&nbsp;pomieszczeniach zlokalizowanych na poddaszu [&hellip;]<\/p>\n","protected":false},"author":1,"featured_media":414,"comment_status":"closed","ping_status":"closed","sticky":false,"template":"","format":"standard","meta":{"_acf_changed":false,"_lmt_disableupdate":"","_lmt_disable":"","_monsterinsights_skip_tracking":false,"_monsterinsights_sitenote_active":false,"_monsterinsights_sitenote_note":"","_monsterinsights_sitenote_category":0,"ngg_post_thumbnail":0,"footnotes":""},"categories":[9],"tags":[],"class_list":["post-419","post","type-post","status-publish","format-standard","has-post-thumbnail","hentry","category-inwestycje"],"acf":[],"modified_by":"Daniel Go\u0142a\u015b","_links":{"self":[{"href":"https:\/\/muzeum.ostroleka.pl\/index.php?rest_route=\/wp\/v2\/posts\/419","targetHints":{"allow":["GET"]}}],"collection":[{"href":"https:\/\/muzeum.ostroleka.pl\/index.php?rest_route=\/wp\/v2\/posts"}],"about":[{"href":"https:\/\/muzeum.ostroleka.pl\/index.php?rest_route=\/wp\/v2\/types\/post"}],"author":[{"embeddable":true,"href":"https:\/\/muzeum.ostroleka.pl\/index.php?rest_route=\/wp\/v2\/users\/1"}],"replies":[{"embeddable":true,"href":"https:\/\/muzeum.ostroleka.pl\/index.php?rest_route=%2Fwp%2Fv2%2Fcomments&post=419"}],"version-history":[{"count":2,"href":"https:\/\/muzeum.ostroleka.pl\/index.php?rest_route=\/wp\/v2\/posts\/419\/revisions"}],"predecessor-version":[{"id":421,"href":"https:\/\/muzeum.ostroleka.pl\/index.php?rest_route=\/wp\/v2\/posts\/419\/revisions\/421"}],"wp:featuredmedia":[{"embeddable":true,"href":"https:\/\/muzeum.ostroleka.pl\/index.php?rest_route=\/wp\/v2\/media\/414"}],"wp:attachment":[{"href":"https:\/\/muzeum.ostroleka.pl\/index.php?rest_route=%2Fwp%2Fv2%2Fmedia&parent=419"}],"wp:term":[{"taxonomy":"category","embeddable":true,"href":"https:\/\/muzeum.ostroleka.pl\/index.php?rest_route=%2Fwp%2Fv2%2Fcategories&post=419"},{"taxonomy":"post_tag","embeddable":true,"href":"https:\/\/muzeum.ostroleka.pl\/index.php?rest_route=%2Fwp%2Fv2%2Ftags&post=419"}],"curies":[{"name":"wp","href":"https:\/\/api.w.org\/{rel}","templated":true}]}}