{"id":4332,"date":"2020-07-14T10:15:46","date_gmt":"2020-07-14T09:15:46","guid":{"rendered":"https:\/\/muzeum.ostroleka.pl\/?p=4332"},"modified":"2020-07-14T10:15:46","modified_gmt":"2020-07-14T09:15:46","slug":"firanecka-do-okienecka-spotkanie-z-cyklu-etnodizajn-po-kurpiowsku-juz-w-najblizsza-niedziele","status":"publish","type":"post","link":"https:\/\/muzeum.ostroleka.pl\/?p=4332","title":{"rendered":"&#8222;Firanecka do okienecka&#8221;. Spotkanie z cyklu &#8222;Etnodizajn po kurpiowsku&#8221; ju\u017c w najbli\u017csz\u0105 niedziel\u0119"},"content":{"rendered":"<p style=\"text-align: justify;\">Poprzednie spotkanie z cyklu &#8222;Etnodizajn po kurpiowsku&#8221; odby\u0142o si\u0119 pod has\u0142em &#8222;Zachwyceni! Zakr\u0119ceni! Zakwieceni!&#8221;. W ramach zaj\u0119\u0107 mo\u017cna by\u0142o wykona\u0107 r\u00f3\u017cnorodne kwiaty z bibu\u0142y.<\/p>\n<p style=\"text-align: justify;\">Kolejne zaj\u0119cia ju\u017c 19 lipca 2020 r. (niedziela). Tym razem has\u0142em przewodnim b\u0119dzie &#8222;Firanecka do okienecka&#8221;.<!--more--> Nasi go\u015bcie wykonaj\u0105 z bia\u0142ego papieru firanki do zdobienia okien oraz ta\u015bmy do przystrajania p\u00f3\u0142ek. Owe elementy zdobi\u0142y niegdy\u015b wn\u0119trze izby kurpiowskiej. Dzi\u015b r\u00f3wnie\u017c mog\u0105 stanowi\u0107 dekoracj\u0119 naszych mieszka\u0144, nadaj\u0105c im niepowtarzalny klimat.<\/p>\n<p style=\"text-align: justify;\">Zapisy pod nr tel. 29 764 54 43.<\/p>\n<p style=\"text-align: justify;\">Serdecznie zapraszamy!<\/p>\n","protected":false},"excerpt":{"rendered":"<p>Poprzednie spotkanie z cyklu &#8222;Etnodizajn po kurpiowsku&#8221; odby\u0142o si\u0119 pod has\u0142em &#8222;Zachwyceni! Zakr\u0119ceni! Zakwieceni!&#8221;. W ramach zaj\u0119\u0107 mo\u017cna by\u0142o wykona\u0107 r\u00f3\u017cnorodne kwiaty z bibu\u0142y. Kolejne zaj\u0119cia ju\u017c 19 lipca 2020 r. (niedziela). Tym razem has\u0142em przewodnim b\u0119dzie &#8222;Firanecka do okienecka&#8221;.<\/p>\n","protected":false},"author":3,"featured_media":4331,"comment_status":"closed","ping_status":"closed","sticky":false,"template":"","format":"standard","meta":{"_acf_changed":false,"_lmt_disableupdate":"","_lmt_disable":"","_monsterinsights_skip_tracking":false,"_monsterinsights_sitenote_active":false,"_monsterinsights_sitenote_note":"","_monsterinsights_sitenote_category":0,"ngg_post_thumbnail":0,"footnotes":""},"categories":[3],"tags":[],"class_list":["post-4332","post","type-post","status-publish","format-standard","has-post-thumbnail","hentry","category-aktualnosci"],"acf":[],"modified_by":"Daniel Go\u0142a\u015b","_links":{"self":[{"href":"https:\/\/muzeum.ostroleka.pl\/index.php?rest_route=\/wp\/v2\/posts\/4332","targetHints":{"allow":["GET"]}}],"collection":[{"href":"https:\/\/muzeum.ostroleka.pl\/index.php?rest_route=\/wp\/v2\/posts"}],"about":[{"href":"https:\/\/muzeum.ostroleka.pl\/index.php?rest_route=\/wp\/v2\/types\/post"}],"author":[{"embeddable":true,"href":"https:\/\/muzeum.ostroleka.pl\/index.php?rest_route=\/wp\/v2\/users\/3"}],"replies":[{"embeddable":true,"href":"https:\/\/muzeum.ostroleka.pl\/index.php?rest_route=%2Fwp%2Fv2%2Fcomments&post=4332"}],"version-history":[{"count":1,"href":"https:\/\/muzeum.ostroleka.pl\/index.php?rest_route=\/wp\/v2\/posts\/4332\/revisions"}],"predecessor-version":[{"id":4333,"href":"https:\/\/muzeum.ostroleka.pl\/index.php?rest_route=\/wp\/v2\/posts\/4332\/revisions\/4333"}],"wp:featuredmedia":[{"embeddable":true,"href":"https:\/\/muzeum.ostroleka.pl\/index.php?rest_route=\/wp\/v2\/media\/4331"}],"wp:attachment":[{"href":"https:\/\/muzeum.ostroleka.pl\/index.php?rest_route=%2Fwp%2Fv2%2Fmedia&parent=4332"}],"wp:term":[{"taxonomy":"category","embeddable":true,"href":"https:\/\/muzeum.ostroleka.pl\/index.php?rest_route=%2Fwp%2Fv2%2Fcategories&post=4332"},{"taxonomy":"post_tag","embeddable":true,"href":"https:\/\/muzeum.ostroleka.pl\/index.php?rest_route=%2Fwp%2Fv2%2Ftags&post=4332"}],"curies":[{"name":"wp","href":"https:\/\/api.w.org\/{rel}","templated":true}]}}