{"id":4351,"date":"2020-07-17T14:03:31","date_gmt":"2020-07-17T13:03:31","guid":{"rendered":"https:\/\/muzeum.ostroleka.pl\/?p=4351"},"modified":"2020-07-17T14:03:31","modified_gmt":"2020-07-17T13:03:31","slug":"nowy-model-torby-w-muzealnym-sklepiku","status":"publish","type":"post","link":"https:\/\/muzeum.ostroleka.pl\/?p=4351","title":{"rendered":"Nowy model torby w muzealnym sklepiku"},"content":{"rendered":"<p style=\"text-align: justify;\">Od kilku dni w naszym muzealnym sklepiku mo\u017cna zakupi\u0107 nowy model torby p\u0142\u00f3ciennej. Torba ozdobiona jest grafik\u0105 inspirowan\u0105 dzie\u0142em Zofii Stryje\u0144skiej, kt\u00f3re znajduje si\u0119 w naszych muzealnych zbiorach. Cena torby 12 z\u0142 \/ szt.<\/p>\n<p style=\"text-align: justify;\">Zapraszamy.<\/p>\n","protected":false},"excerpt":{"rendered":"<p>Od kilku dni w naszym muzealnym sklepiku mo\u017cna zakupi\u0107 nowy model torby p\u0142\u00f3ciennej. Torba ozdobiona jest grafik\u0105 inspirowan\u0105 dzie\u0142em Zofii Stryje\u0144skiej, kt\u00f3re znajduje si\u0119 w naszych muzealnych zbiorach. Cena torby 12 z\u0142 \/ szt. Zapraszamy.<\/p>\n","protected":false},"author":3,"featured_media":4352,"comment_status":"closed","ping_status":"closed","sticky":false,"template":"","format":"standard","meta":{"_acf_changed":false,"_lmt_disableupdate":"","_lmt_disable":"","_monsterinsights_skip_tracking":false,"_monsterinsights_sitenote_active":false,"_monsterinsights_sitenote_note":"","_monsterinsights_sitenote_category":0,"ngg_post_thumbnail":0,"footnotes":""},"categories":[3],"tags":[],"class_list":["post-4351","post","type-post","status-publish","format-standard","has-post-thumbnail","hentry","category-aktualnosci"],"acf":[],"modified_by":"Daniel Go\u0142a\u015b","_links":{"self":[{"href":"https:\/\/muzeum.ostroleka.pl\/index.php?rest_route=\/wp\/v2\/posts\/4351","targetHints":{"allow":["GET"]}}],"collection":[{"href":"https:\/\/muzeum.ostroleka.pl\/index.php?rest_route=\/wp\/v2\/posts"}],"about":[{"href":"https:\/\/muzeum.ostroleka.pl\/index.php?rest_route=\/wp\/v2\/types\/post"}],"author":[{"embeddable":true,"href":"https:\/\/muzeum.ostroleka.pl\/index.php?rest_route=\/wp\/v2\/users\/3"}],"replies":[{"embeddable":true,"href":"https:\/\/muzeum.ostroleka.pl\/index.php?rest_route=%2Fwp%2Fv2%2Fcomments&post=4351"}],"version-history":[{"count":1,"href":"https:\/\/muzeum.ostroleka.pl\/index.php?rest_route=\/wp\/v2\/posts\/4351\/revisions"}],"predecessor-version":[{"id":4353,"href":"https:\/\/muzeum.ostroleka.pl\/index.php?rest_route=\/wp\/v2\/posts\/4351\/revisions\/4353"}],"wp:featuredmedia":[{"embeddable":true,"href":"https:\/\/muzeum.ostroleka.pl\/index.php?rest_route=\/wp\/v2\/media\/4352"}],"wp:attachment":[{"href":"https:\/\/muzeum.ostroleka.pl\/index.php?rest_route=%2Fwp%2Fv2%2Fmedia&parent=4351"}],"wp:term":[{"taxonomy":"category","embeddable":true,"href":"https:\/\/muzeum.ostroleka.pl\/index.php?rest_route=%2Fwp%2Fv2%2Fcategories&post=4351"},{"taxonomy":"post_tag","embeddable":true,"href":"https:\/\/muzeum.ostroleka.pl\/index.php?rest_route=%2Fwp%2Fv2%2Ftags&post=4351"}],"curies":[{"name":"wp","href":"https:\/\/api.w.org\/{rel}","templated":true}]}}