{"id":4434,"date":"2020-07-29T13:57:39","date_gmt":"2020-07-29T12:57:39","guid":{"rendered":"https:\/\/muzeum.ostroleka.pl\/?p=4434"},"modified":"2020-07-29T13:59:32","modified_gmt":"2020-07-29T12:59:32","slug":"europejskie-dni-dziedzictwa","status":"publish","type":"post","link":"https:\/\/muzeum.ostroleka.pl\/?p=4434","title":{"rendered":"Europejskie Dni Dziedzictwa"},"content":{"rendered":"<p style=\"text-align: justify;\">Muzeum Kultury Kurpiowskiej w Ostro\u0142\u0119ce po raz kolejny we\u017amie udzia\u0142 w najwi\u0119kszym w Europie projekcie spo\u0142eczno-edukacyjnym i za razem najwi\u0119kszym \u015bwi\u0119cie zabytk\u00f3w kultury Starego Kontynentu, jakim s\u0105 Europejskie Dni Dziedzictwa. W roku 2020 tematem EDD b\u0119dzie \u201eMoja droga\u201d.<!--more--> Organizatorzy skupi\u0105 uwag\u0119 uczestnik\u00f3w na \u201edrodze\u201d przez histori\u0119, jak\u0105 przeszed\u0142 nasz nar\u00f3d w celu odzyskania niepodleg\u0142o\u015bci, na \u201edrodze\u201d, kt\u00f3rej przebycie nada\u0142o kszta\u0142t naszej narodowej to\u017csamo\u015bci. \u201eDroga\u201d nawi\u0105zywa\u0107 mo\u017ce te\u017c do los\u00f3w Polak\u00f3w, kt\u00f3rzy w trudnych dla swego kraju czasach musieli opu\u015bci\u0107 ojczyzn\u0119 i dzia\u0142a\u0107 na emigracji.<\/p>\n<p style=\"text-align: justify;\">We wrze\u015bniu w ramach EDD zaprosimy Pa\u0144stwa do poznania \u201edrogi\u201d wielkiego Polaka, bohatera naszego miasta, kt\u00f3ry z determinacj\u0105 i odwag\u0105 walczy\u0142 o niepodleg\u0142o\u015b\u0107 Ojczyzny. Szczeg\u00f3\u0142y podamy wkr\u00f3tce.<\/p>\n<p>&nbsp;<\/p>\n<p>Wi\u0119cej informacji o EDD na stronie internetowej: <a href=\"https:\/\/edd.nid.pl\/\">https:\/\/edd.nid.pl\/<\/a><\/p>\n","protected":false},"excerpt":{"rendered":"<p>Muzeum Kultury Kurpiowskiej w Ostro\u0142\u0119ce po raz kolejny we\u017amie udzia\u0142 w najwi\u0119kszym w Europie projekcie spo\u0142eczno-edukacyjnym i za razem najwi\u0119kszym \u015bwi\u0119cie zabytk\u00f3w kultury Starego Kontynentu, jakim s\u0105 Europejskie Dni Dziedzictwa. W roku 2020 tematem EDD b\u0119dzie \u201eMoja droga\u201d.<\/p>\n","protected":false},"author":3,"featured_media":4435,"comment_status":"closed","ping_status":"closed","sticky":false,"template":"","format":"standard","meta":{"_acf_changed":false,"_lmt_disableupdate":"","_lmt_disable":"","_monsterinsights_skip_tracking":false,"_monsterinsights_sitenote_active":false,"_monsterinsights_sitenote_note":"","_monsterinsights_sitenote_category":0,"ngg_post_thumbnail":0,"footnotes":""},"categories":[3],"tags":[],"class_list":["post-4434","post","type-post","status-publish","format-standard","has-post-thumbnail","hentry","category-aktualnosci"],"acf":[],"modified_by":"Daniel Go\u0142a\u015b","_links":{"self":[{"href":"https:\/\/muzeum.ostroleka.pl\/index.php?rest_route=\/wp\/v2\/posts\/4434","targetHints":{"allow":["GET"]}}],"collection":[{"href":"https:\/\/muzeum.ostroleka.pl\/index.php?rest_route=\/wp\/v2\/posts"}],"about":[{"href":"https:\/\/muzeum.ostroleka.pl\/index.php?rest_route=\/wp\/v2\/types\/post"}],"author":[{"embeddable":true,"href":"https:\/\/muzeum.ostroleka.pl\/index.php?rest_route=\/wp\/v2\/users\/3"}],"replies":[{"embeddable":true,"href":"https:\/\/muzeum.ostroleka.pl\/index.php?rest_route=%2Fwp%2Fv2%2Fcomments&post=4434"}],"version-history":[{"count":4,"href":"https:\/\/muzeum.ostroleka.pl\/index.php?rest_route=\/wp\/v2\/posts\/4434\/revisions"}],"predecessor-version":[{"id":4439,"href":"https:\/\/muzeum.ostroleka.pl\/index.php?rest_route=\/wp\/v2\/posts\/4434\/revisions\/4439"}],"wp:featuredmedia":[{"embeddable":true,"href":"https:\/\/muzeum.ostroleka.pl\/index.php?rest_route=\/wp\/v2\/media\/4435"}],"wp:attachment":[{"href":"https:\/\/muzeum.ostroleka.pl\/index.php?rest_route=%2Fwp%2Fv2%2Fmedia&parent=4434"}],"wp:term":[{"taxonomy":"category","embeddable":true,"href":"https:\/\/muzeum.ostroleka.pl\/index.php?rest_route=%2Fwp%2Fv2%2Fcategories&post=4434"},{"taxonomy":"post_tag","embeddable":true,"href":"https:\/\/muzeum.ostroleka.pl\/index.php?rest_route=%2Fwp%2Fv2%2Ftags&post=4434"}],"curies":[{"name":"wp","href":"https:\/\/api.w.org\/{rel}","templated":true}]}}