{"id":4529,"date":"2020-08-27T14:09:08","date_gmt":"2020-08-27T13:09:08","guid":{"rendered":"https:\/\/muzeum.ostroleka.pl\/?p=4529"},"modified":"2020-09-24T13:30:20","modified_gmt":"2020-09-24T12:30:20","slug":"filcowe-cudenka-kolejne-spotkanie-z-cyklu-etnodizajn-po-kurpiowsku-juz-w-najblizsza-niedziele","status":"publish","type":"post","link":"https:\/\/muzeum.ostroleka.pl\/?p=4529","title":{"rendered":"&#8222;Filcowe cude\u0144ka&#8221;. Kolejne spotkanie z cyklu &#8222;Etnodizajn po kurpiowsku&#8221; ju\u017c w najbli\u017csz\u0105 niedziel\u0119"},"content":{"rendered":"<p style=\"text-align: justify;\">Drodzy Pa\u0144stwo!<br \/>\n30 sierpnia 2020 r. (niedziela) odb\u0119dzie si\u0119 kolejne spotkanie tw\u00f3rcze z cyklu \u201eEtnodizajn po kurpiowsku\u201d. Has\u0142o przewodnie spotkania to \u201eFilcowe cude\u0144ka\u201d. Podczas warsztat\u00f3w go\u015bcie stworz\u0105 produkt, kt\u00f3rego nie mo\u017ce zabrakn\u0105\u0107 w ka\u017cdym domu. Proponujemy wykonanie kompletu podk\u0142adek inspirowanych wzorem wycinanek kurpiowskich.<\/p>\n<p style=\"text-align: justify;\">Godziny spotka\u0144:<br \/>\n10.00 \u2013 11.30<br \/>\n12.00 \u2013 13.30<br \/>\n14.00 \u2013 15.30<\/p>\n<p style=\"text-align: justify;\">Na zaj\u0119cia obowi\u0105zuj\u0105 zapisy pod nr tel. 29 764 54 43 wew. 43. Ilo\u015b\u0107 miejsc ograniczona.<br \/>\nCena: 10 z\u0142 od osoby.<br \/>\nMiejsce: Muzeum Kultury Kurpiowskiej w Ostro\u0142\u0119ce przy placu gen. J\u00f3zefa Bema 8.<\/p>\n<p style=\"text-align: justify;\">Serdecznie zapraszamy!<\/p>\nngg_shortcode_0_placeholder\n","protected":false},"excerpt":{"rendered":"<p>Drodzy Pa\u0144stwo! 30 sierpnia 2020 r. (niedziela) odb\u0119dzie si\u0119 kolejne spotkanie tw\u00f3rcze z cyklu \u201eEtnodizajn po kurpiowsku\u201d. Has\u0142o przewodnie spotkania to \u201eFilcowe cude\u0144ka\u201d. Podczas warsztat\u00f3w go\u015bcie stworz\u0105 produkt, kt\u00f3rego nie mo\u017ce zabrakn\u0105\u0107 w ka\u017cdym domu. Proponujemy wykonanie kompletu podk\u0142adek inspirowanych wzorem wycinanek kurpiowskich. Godziny spotka\u0144: 10.00 \u2013 11.30 12.00 \u2013 13.30 14.00 \u2013 15.30 Na [&hellip;]<\/p>\n","protected":false},"author":3,"featured_media":4726,"comment_status":"closed","ping_status":"closed","sticky":false,"template":"","format":"standard","meta":{"_acf_changed":false,"_lmt_disableupdate":"","_lmt_disable":"","_monsterinsights_skip_tracking":false,"_monsterinsights_sitenote_active":false,"_monsterinsights_sitenote_note":"","_monsterinsights_sitenote_category":0,"ngg_post_thumbnail":0,"footnotes":""},"categories":[3],"tags":[],"class_list":["post-4529","post","type-post","status-publish","format-standard","has-post-thumbnail","hentry","category-aktualnosci"],"acf":[],"modified_by":"Daniel Go\u0142a\u015b","_links":{"self":[{"href":"https:\/\/muzeum.ostroleka.pl\/index.php?rest_route=\/wp\/v2\/posts\/4529","targetHints":{"allow":["GET"]}}],"collection":[{"href":"https:\/\/muzeum.ostroleka.pl\/index.php?rest_route=\/wp\/v2\/posts"}],"about":[{"href":"https:\/\/muzeum.ostroleka.pl\/index.php?rest_route=\/wp\/v2\/types\/post"}],"author":[{"embeddable":true,"href":"https:\/\/muzeum.ostroleka.pl\/index.php?rest_route=\/wp\/v2\/users\/3"}],"replies":[{"embeddable":true,"href":"https:\/\/muzeum.ostroleka.pl\/index.php?rest_route=%2Fwp%2Fv2%2Fcomments&post=4529"}],"version-history":[{"count":1,"href":"https:\/\/muzeum.ostroleka.pl\/index.php?rest_route=\/wp\/v2\/posts\/4529\/revisions"}],"predecessor-version":[{"id":4534,"href":"https:\/\/muzeum.ostroleka.pl\/index.php?rest_route=\/wp\/v2\/posts\/4529\/revisions\/4534"}],"wp:featuredmedia":[{"embeddable":true,"href":"https:\/\/muzeum.ostroleka.pl\/index.php?rest_route=\/wp\/v2\/media\/4726"}],"wp:attachment":[{"href":"https:\/\/muzeum.ostroleka.pl\/index.php?rest_route=%2Fwp%2Fv2%2Fmedia&parent=4529"}],"wp:term":[{"taxonomy":"category","embeddable":true,"href":"https:\/\/muzeum.ostroleka.pl\/index.php?rest_route=%2Fwp%2Fv2%2Fcategories&post=4529"},{"taxonomy":"post_tag","embeddable":true,"href":"https:\/\/muzeum.ostroleka.pl\/index.php?rest_route=%2Fwp%2Fv2%2Ftags&post=4529"}],"curies":[{"name":"wp","href":"https:\/\/api.w.org\/{rel}","templated":true}]}}