{"id":4537,"date":"2020-08-31T12:25:57","date_gmt":"2020-08-31T11:25:57","guid":{"rendered":"https:\/\/muzeum.ostroleka.pl\/?p=4537"},"modified":"2020-09-01T10:14:40","modified_gmt":"2020-09-01T09:14:40","slug":"koncert-filmclassic-otworzyl-ostroleckie-operalia","status":"publish","type":"post","link":"https:\/\/muzeum.ostroleka.pl\/?p=4537","title":{"rendered":"Koncert &#8222;FILM&#038;CLASSIC&#8221; otworzy\u0142 &#8222;Ostro\u0142\u0119ckie Operalia&#8221;"},"content":{"rendered":"<p style=\"text-align: justify;\">W pi\u0105tek 28 sierpnia 2020 r. na Fortach Bema w Ostro\u0142\u0119ce odby\u0142 si\u0119 koncert galowy &#8222;FILM&amp;CLASSIC&#8221; otwieraj\u0105cy V Festiwal Muzyczny &#8222;Ostro\u0142\u0119ckie Operalia&#8221;.<!--more--> Ze sceny rozbrzmiewa\u0142a przepi\u0119kna muzyka filmowa i musicalowa. Us\u0142yszeli\u015bmy takie utwory jak &#8222;Dumka na dwa serca&#8221; z filmu &#8222;Ogniem i mieczem&#8221;, motyw z filmu &#8222;Titanic&#8221;, popularn\u0105 piosenk\u0119 z serialu &#8222;Na dobre i na z\u0142e&#8221; oraz wiele innych. Przed widowni\u0105 wyst\u0105pili: Anna Lasota (sopran), Jakub Milewski (baryton), a orkiestr\u0119 poprowadzi\u0142 Krzesimir D\u0119bski. Organizatorzy przygotowali dla publiczno\u015bci mi\u0142\u0105 niespodziank\u0119 jak\u0105 by\u0142 wyst\u0119p Anny Jurksztowicz.<\/p>\nngg_shortcode_0_placeholder\n","protected":false},"excerpt":{"rendered":"<p>W pi\u0105tek 28 sierpnia 2020 r. na Fortach Bema w Ostro\u0142\u0119ce odby\u0142 si\u0119 koncert galowy &#8222;FILM&amp;CLASSIC&#8221; otwieraj\u0105cy V Festiwal Muzyczny &#8222;Ostro\u0142\u0119ckie Operalia&#8221;.<\/p>\n","protected":false},"author":3,"featured_media":4555,"comment_status":"closed","ping_status":"closed","sticky":false,"template":"","format":"standard","meta":{"_acf_changed":false,"_lmt_disableupdate":"","_lmt_disable":"","_monsterinsights_skip_tracking":false,"_monsterinsights_sitenote_active":false,"_monsterinsights_sitenote_note":"","_monsterinsights_sitenote_category":0,"ngg_post_thumbnail":0,"footnotes":""},"categories":[3],"tags":[],"class_list":["post-4537","post","type-post","status-publish","format-standard","has-post-thumbnail","hentry","category-aktualnosci"],"acf":[],"modified_by":"Daniel Go\u0142a\u015b","_links":{"self":[{"href":"https:\/\/muzeum.ostroleka.pl\/index.php?rest_route=\/wp\/v2\/posts\/4537","targetHints":{"allow":["GET"]}}],"collection":[{"href":"https:\/\/muzeum.ostroleka.pl\/index.php?rest_route=\/wp\/v2\/posts"}],"about":[{"href":"https:\/\/muzeum.ostroleka.pl\/index.php?rest_route=\/wp\/v2\/types\/post"}],"author":[{"embeddable":true,"href":"https:\/\/muzeum.ostroleka.pl\/index.php?rest_route=\/wp\/v2\/users\/3"}],"replies":[{"embeddable":true,"href":"https:\/\/muzeum.ostroleka.pl\/index.php?rest_route=%2Fwp%2Fv2%2Fcomments&post=4537"}],"version-history":[{"count":9,"href":"https:\/\/muzeum.ostroleka.pl\/index.php?rest_route=\/wp\/v2\/posts\/4537\/revisions"}],"predecessor-version":[{"id":4568,"href":"https:\/\/muzeum.ostroleka.pl\/index.php?rest_route=\/wp\/v2\/posts\/4537\/revisions\/4568"}],"wp:featuredmedia":[{"embeddable":true,"href":"https:\/\/muzeum.ostroleka.pl\/index.php?rest_route=\/wp\/v2\/media\/4555"}],"wp:attachment":[{"href":"https:\/\/muzeum.ostroleka.pl\/index.php?rest_route=%2Fwp%2Fv2%2Fmedia&parent=4537"}],"wp:term":[{"taxonomy":"category","embeddable":true,"href":"https:\/\/muzeum.ostroleka.pl\/index.php?rest_route=%2Fwp%2Fv2%2Fcategories&post=4537"},{"taxonomy":"post_tag","embeddable":true,"href":"https:\/\/muzeum.ostroleka.pl\/index.php?rest_route=%2Fwp%2Fv2%2Ftags&post=4537"}],"curies":[{"name":"wp","href":"https:\/\/api.w.org\/{rel}","templated":true}]}}