{"id":4563,"date":"2020-09-01T09:22:32","date_gmt":"2020-09-01T08:22:32","guid":{"rendered":"https:\/\/muzeum.ostroleka.pl\/?p=4563"},"modified":"2020-09-01T09:22:46","modified_gmt":"2020-09-01T08:22:46","slug":"piknik-historyczny-z-okazji-100-rocznicy-bitwy-warszawskiej","status":"publish","type":"post","link":"https:\/\/muzeum.ostroleka.pl\/?p=4563","title":{"rendered":"Piknik historyczny z okazji 100. rocznicy Bitwy Warszawskiej"},"content":{"rendered":"<p style=\"text-align: justify;\">5 wrze\u015bnia 2020 r. (sobota) w godz. od 12.00 do 17.00 na ostro\u0142\u0119ckich Fortach Bema odb\u0119dzie si\u0119 piknik historyczny organizowany przez Muzeum Kultury Kurpiowskiej w Ostro\u0142\u0119ce oraz Muzeum 2 Korpusu Polskiego w J\u00f3zefowie. Tym wydarzeniem chcemy przypomnie\u0107 i uczci\u0107 100. rocznic\u0119 zwyci\u0119stwa w Bitwie Warszawskiej.<!--more--><\/p>\n<p style=\"text-align: justify;\">Na pikniku czeka\u0107 b\u0119dzie na Pa\u0144stwa wiele atrakcji:<br \/>\n&#8211; obozowisko wojskowe z namiotami oraz wyposa\u017ceniem;<br \/>\n&#8211; strzelnica ASG z instruktorem;<br \/>\n&#8211; armata polowa Schneider wz. 1897 u\u017cywana przez Wojsko Polskie w bitwie polsko-bolszewickiej oraz salwa armatnia;<br \/>\n&#8211; wyk\u0142ady i wystawa fotograficzna po\u015bwi\u0119cona Bitwie Warszawskiej 1920, prezentacja mundur\u00f3w z epoki;<br \/>\n&#8211; dla dzieci przygotujemy gry, zabawy i konkursy oraz musztr\u0119 z nagrodami.<br \/>\nSmakosze wojskowego jad\u0142a b\u0119d\u0105 mogli skosztowa\u0107 pysznej groch\u00f3wki.<\/p>\n<p style=\"text-align: justify;\">Zapraszamy!<\/p>\n<p style=\"text-align: justify;\"><strong>Uwaga! W zwi\u0105zku z zagro\u017ceniem COVID-19, na terenie imprezy b\u0119d\u0105 obowi\u0105zywa\u0142y obostrzenia sanitarne.<\/strong><\/p>\n<p style=\"text-align: justify;\">Termin: 05.09.2020 r. w godz. od 12.00 do 17.00.<br \/>\nMiejsce: Forty Bema w Ostro\u0142\u0119ce przy ul. Warszawskiej 2A.<br \/>\nCena: 1 z\u0142 od osoby.<br \/>\nWi\u0119cej informacji pod nr tel. 29 764 54 43 wew. 43.<\/p>\n","protected":false},"excerpt":{"rendered":"<p>5 wrze\u015bnia 2020 r. (sobota) w godz. od 12.00 do 17.00 na ostro\u0142\u0119ckich Fortach Bema odb\u0119dzie si\u0119 piknik historyczny organizowany przez Muzeum Kultury Kurpiowskiej w Ostro\u0142\u0119ce oraz Muzeum 2 Korpusu Polskiego w J\u00f3zefowie. Tym wydarzeniem chcemy przypomnie\u0107 i uczci\u0107 100. rocznic\u0119 zwyci\u0119stwa w Bitwie Warszawskiej.<\/p>\n","protected":false},"author":3,"featured_media":4564,"comment_status":"closed","ping_status":"closed","sticky":false,"template":"","format":"standard","meta":{"_acf_changed":false,"_lmt_disableupdate":"","_lmt_disable":"","_monsterinsights_skip_tracking":false,"_monsterinsights_sitenote_active":false,"_monsterinsights_sitenote_note":"","_monsterinsights_sitenote_category":0,"ngg_post_thumbnail":0,"footnotes":""},"categories":[3],"tags":[],"class_list":["post-4563","post","type-post","status-publish","format-standard","has-post-thumbnail","hentry","category-aktualnosci"],"acf":[],"modified_by":"Daniel Go\u0142a\u015b","_links":{"self":[{"href":"https:\/\/muzeum.ostroleka.pl\/index.php?rest_route=\/wp\/v2\/posts\/4563","targetHints":{"allow":["GET"]}}],"collection":[{"href":"https:\/\/muzeum.ostroleka.pl\/index.php?rest_route=\/wp\/v2\/posts"}],"about":[{"href":"https:\/\/muzeum.ostroleka.pl\/index.php?rest_route=\/wp\/v2\/types\/post"}],"author":[{"embeddable":true,"href":"https:\/\/muzeum.ostroleka.pl\/index.php?rest_route=\/wp\/v2\/users\/3"}],"replies":[{"embeddable":true,"href":"https:\/\/muzeum.ostroleka.pl\/index.php?rest_route=%2Fwp%2Fv2%2Fcomments&post=4563"}],"version-history":[{"count":2,"href":"https:\/\/muzeum.ostroleka.pl\/index.php?rest_route=\/wp\/v2\/posts\/4563\/revisions"}],"predecessor-version":[{"id":4566,"href":"https:\/\/muzeum.ostroleka.pl\/index.php?rest_route=\/wp\/v2\/posts\/4563\/revisions\/4566"}],"wp:featuredmedia":[{"embeddable":true,"href":"https:\/\/muzeum.ostroleka.pl\/index.php?rest_route=\/wp\/v2\/media\/4564"}],"wp:attachment":[{"href":"https:\/\/muzeum.ostroleka.pl\/index.php?rest_route=%2Fwp%2Fv2%2Fmedia&parent=4563"}],"wp:term":[{"taxonomy":"category","embeddable":true,"href":"https:\/\/muzeum.ostroleka.pl\/index.php?rest_route=%2Fwp%2Fv2%2Fcategories&post=4563"},{"taxonomy":"post_tag","embeddable":true,"href":"https:\/\/muzeum.ostroleka.pl\/index.php?rest_route=%2Fwp%2Fv2%2Ftags&post=4563"}],"curies":[{"name":"wp","href":"https:\/\/api.w.org\/{rel}","templated":true}]}}