{"id":4571,"date":"2020-09-02T11:23:46","date_gmt":"2020-09-02T10:23:46","guid":{"rendered":"https:\/\/muzeum.ostroleka.pl\/?p=4571"},"modified":"2020-09-03T10:50:30","modified_gmt":"2020-09-03T09:50:30","slug":"z-mala-walizka-w-wielki-swiat-w-ramach-europejskich-dni-dziedzictwa","status":"publish","type":"post","link":"https:\/\/muzeum.ostroleka.pl\/?p=4571","title":{"rendered":"&#8222;Z ma\u0142\u0105 walizk\u0105 w wielki \u015bwiat&#8221; w ramach Europejskich Dni Dziedzictwa"},"content":{"rendered":"<p style=\"text-align: justify;\">W ramach udzia\u0142u w Europejskich Dniach Dziedzictwa nasze Muzeum organizuje piknik rodzinny z cyklu \u201eZ ma\u0142\u0105 walizk\u0105 w wielki \u015bwiat\u201d, kt\u00f3ry odb\u0119dzie si\u0119 pod has\u0142em \u201eSzlakiem genera\u0142a Bema\u201d. Wsp\u00f3lnie wyruszymy w drog\u0119 jak\u0105 przeby\u0142 genera\u0142.<!--more--><\/p>\n<p style=\"text-align: justify;\">Wyruszymy z Polski. Nasi go\u015bcie tradycyjnie otrzymaj\u0105 zestaw podr\u00f3\u017cnika, nast\u0119pnie odwiedz\u0105 Francj\u0119 \u2013 kraj pachn\u0105cej lawendy, s\u0142oneczn\u0105 Portugali\u0119, na W\u0119grzech naucz\u0105 si\u0119 ba\u0142ka\u0144skich piosenek, zawitaj\u0105 te\u017c do Turcji \u2013 kraju aromatycznych przypraw. W ka\u017cdym z punkt\u00f3w tej wirtualnej wyprawy na turyst\u00f3w czeka\u0107 b\u0119d\u0105 r\u00f3\u017cne, ciekawe zadania.<\/p>\n<p style=\"text-align: justify;\">Podr\u00f3\u017cujcie z nami! Serdecznie zapraszamy!<\/p>\n<p style=\"text-align: justify;\">Termin: 13 wrze\u015bnia 2020 r. (niedziela), w godz. od 12.00 do 19.00<br \/>\nMiejsce: Forty Bema w Ostro\u0142\u0119ce, przy ul. Warszawskiej 2A.<br \/>\nWst\u0119p wolny.<\/p>\n<p style=\"text-align: justify;\"><strong>UWAGA! OBOWI\u0104ZUJ\u0104 ZAPISY!<\/strong><br \/>\nZapisy pod numerem tel. 29 764 54 43 wew. 43.<br \/>\nIlo\u015b\u0107 miejsc ograniczona.<\/p>\n<p style=\"text-align: justify;\">W zwi\u0105zku z zagro\u017ceniem COVID-19, na terenie imprezy b\u0119d\u0105 obowi\u0105zywa\u0142y obostrzenia sanitarne.<\/p>\n","protected":false},"excerpt":{"rendered":"<p>W ramach udzia\u0142u w Europejskich Dniach Dziedzictwa nasze Muzeum organizuje piknik rodzinny z cyklu \u201eZ ma\u0142\u0105 walizk\u0105 w wielki \u015bwiat\u201d, kt\u00f3ry odb\u0119dzie si\u0119 pod has\u0142em \u201eSzlakiem genera\u0142a Bema\u201d. Wsp\u00f3lnie wyruszymy w drog\u0119 jak\u0105 przeby\u0142 genera\u0142.<\/p>\n","protected":false},"author":3,"featured_media":4570,"comment_status":"closed","ping_status":"closed","sticky":false,"template":"","format":"standard","meta":{"_acf_changed":false,"_lmt_disableupdate":"","_lmt_disable":"","_monsterinsights_skip_tracking":false,"_monsterinsights_sitenote_active":false,"_monsterinsights_sitenote_note":"","_monsterinsights_sitenote_category":0,"ngg_post_thumbnail":0,"footnotes":""},"categories":[3],"tags":[],"class_list":["post-4571","post","type-post","status-publish","format-standard","has-post-thumbnail","hentry","category-aktualnosci"],"acf":[],"modified_by":"Daniel Go\u0142a\u015b","_links":{"self":[{"href":"https:\/\/muzeum.ostroleka.pl\/index.php?rest_route=\/wp\/v2\/posts\/4571","targetHints":{"allow":["GET"]}}],"collection":[{"href":"https:\/\/muzeum.ostroleka.pl\/index.php?rest_route=\/wp\/v2\/posts"}],"about":[{"href":"https:\/\/muzeum.ostroleka.pl\/index.php?rest_route=\/wp\/v2\/types\/post"}],"author":[{"embeddable":true,"href":"https:\/\/muzeum.ostroleka.pl\/index.php?rest_route=\/wp\/v2\/users\/3"}],"replies":[{"embeddable":true,"href":"https:\/\/muzeum.ostroleka.pl\/index.php?rest_route=%2Fwp%2Fv2%2Fcomments&post=4571"}],"version-history":[{"count":2,"href":"https:\/\/muzeum.ostroleka.pl\/index.php?rest_route=\/wp\/v2\/posts\/4571\/revisions"}],"predecessor-version":[{"id":4573,"href":"https:\/\/muzeum.ostroleka.pl\/index.php?rest_route=\/wp\/v2\/posts\/4571\/revisions\/4573"}],"wp:featuredmedia":[{"embeddable":true,"href":"https:\/\/muzeum.ostroleka.pl\/index.php?rest_route=\/wp\/v2\/media\/4570"}],"wp:attachment":[{"href":"https:\/\/muzeum.ostroleka.pl\/index.php?rest_route=%2Fwp%2Fv2%2Fmedia&parent=4571"}],"wp:term":[{"taxonomy":"category","embeddable":true,"href":"https:\/\/muzeum.ostroleka.pl\/index.php?rest_route=%2Fwp%2Fv2%2Fcategories&post=4571"},{"taxonomy":"post_tag","embeddable":true,"href":"https:\/\/muzeum.ostroleka.pl\/index.php?rest_route=%2Fwp%2Fv2%2Ftags&post=4571"}],"curies":[{"name":"wp","href":"https:\/\/api.w.org\/{rel}","templated":true}]}}