{"id":4579,"date":"2020-09-07T14:58:05","date_gmt":"2020-09-07T13:58:05","guid":{"rendered":"https:\/\/muzeum.ostroleka.pl\/?p=4579"},"modified":"2020-09-07T14:58:05","modified_gmt":"2020-09-07T13:58:05","slug":"piknik-historyczny-z-okazji-100-rocznicy-bitwy-warszawskiej-za-nami","status":"publish","type":"post","link":"https:\/\/muzeum.ostroleka.pl\/?p=4579","title":{"rendered":"Piknik historyczny z okazji 100. rocznicy Bitwy Warszawskiej za nami"},"content":{"rendered":"<p style=\"text-align: justify;\">W sobot\u0119 5 wrze\u015bnia 2020 r. ponad 150 os\u00f3b uczestniczy\u0142o w pikniku historycznym na ostro\u0142\u0119ckich Fortach Bema, zorganizowanym przez Muzeum Kultury Kurpiowskiej w Ostro\u0142\u0119ce oraz Muzeum 2 Korpusu Polskiego w J\u00f3zefowie, dla uczczenia i przypomnienia 100. rocznicy Bitwy Warszawskiej.<!--more--> Na uczestnik\u00f3w czeka\u0142o obozowisko wojskowe, gdzie mo\u017cna by\u0142o obejrze\u0107 m.in. historyczne mundury, bro\u0144 u\u017cywan\u0105 przez \u00f3wczesne wojsko, wystaw\u0119 fotografii po\u015bwi\u0119con\u0105 Bitwie Warszawskiej, jak r\u00f3wnie\u017c zdoby\u0107 wiele ciekawych informacji o eksponatach. Nie zabrak\u0142o te\u017c wystrza\u0142\u00f3w z armaty, a ch\u0119tni mogli skorzysta\u0107 ze strzelnicy ASG z instruktorem oraz posili\u0107 si\u0119 pyszn\u0105 wojskow\u0105 groch\u00f3wk\u0105.<\/p>\nngg_shortcode_0_placeholder\n","protected":false},"excerpt":{"rendered":"<p>W sobot\u0119 5 wrze\u015bnia 2020 r. ponad 150 os\u00f3b uczestniczy\u0142o w pikniku historycznym na ostro\u0142\u0119ckich Fortach Bema, zorganizowanym przez Muzeum Kultury Kurpiowskiej w Ostro\u0142\u0119ce oraz Muzeum 2 Korpusu Polskiego w J\u00f3zefowie, dla uczczenia i przypomnienia 100. rocznicy Bitwy Warszawskiej.<\/p>\n","protected":false},"author":3,"featured_media":4616,"comment_status":"closed","ping_status":"closed","sticky":false,"template":"","format":"standard","meta":{"_acf_changed":false,"_lmt_disableupdate":"","_lmt_disable":"","_monsterinsights_skip_tracking":false,"_monsterinsights_sitenote_active":false,"_monsterinsights_sitenote_note":"","_monsterinsights_sitenote_category":0,"ngg_post_thumbnail":0,"footnotes":""},"categories":[3],"tags":[],"class_list":["post-4579","post","type-post","status-publish","format-standard","has-post-thumbnail","hentry","category-aktualnosci"],"acf":[],"modified_by":"Daniel Go\u0142a\u015b","_links":{"self":[{"href":"https:\/\/muzeum.ostroleka.pl\/index.php?rest_route=\/wp\/v2\/posts\/4579","targetHints":{"allow":["GET"]}}],"collection":[{"href":"https:\/\/muzeum.ostroleka.pl\/index.php?rest_route=\/wp\/v2\/posts"}],"about":[{"href":"https:\/\/muzeum.ostroleka.pl\/index.php?rest_route=\/wp\/v2\/types\/post"}],"author":[{"embeddable":true,"href":"https:\/\/muzeum.ostroleka.pl\/index.php?rest_route=\/wp\/v2\/users\/3"}],"replies":[{"embeddable":true,"href":"https:\/\/muzeum.ostroleka.pl\/index.php?rest_route=%2Fwp%2Fv2%2Fcomments&post=4579"}],"version-history":[{"count":1,"href":"https:\/\/muzeum.ostroleka.pl\/index.php?rest_route=\/wp\/v2\/posts\/4579\/revisions"}],"predecessor-version":[{"id":4617,"href":"https:\/\/muzeum.ostroleka.pl\/index.php?rest_route=\/wp\/v2\/posts\/4579\/revisions\/4617"}],"wp:featuredmedia":[{"embeddable":true,"href":"https:\/\/muzeum.ostroleka.pl\/index.php?rest_route=\/wp\/v2\/media\/4616"}],"wp:attachment":[{"href":"https:\/\/muzeum.ostroleka.pl\/index.php?rest_route=%2Fwp%2Fv2%2Fmedia&parent=4579"}],"wp:term":[{"taxonomy":"category","embeddable":true,"href":"https:\/\/muzeum.ostroleka.pl\/index.php?rest_route=%2Fwp%2Fv2%2Fcategories&post=4579"},{"taxonomy":"post_tag","embeddable":true,"href":"https:\/\/muzeum.ostroleka.pl\/index.php?rest_route=%2Fwp%2Fv2%2Ftags&post=4579"}],"curies":[{"name":"wp","href":"https:\/\/api.w.org\/{rel}","templated":true}]}}