{"id":4622,"date":"2020-09-09T10:03:15","date_gmt":"2020-09-09T09:03:15","guid":{"rendered":"https:\/\/muzeum.ostroleka.pl\/?p=4622"},"modified":"2023-10-11T12:21:02","modified_gmt":"2023-10-11T11:21:02","slug":"ksiazka-pt-dni-przelomu-powstania-listopadowego-bitwa-pod-ostroleka-26-maja-1831-autorstwa-norberta-kasparka","status":"publish","type":"post","link":"https:\/\/muzeum.ostroleka.pl\/?p=4622","title":{"rendered":"Norbert Kasparek, \u201eDni prze\u0142omu powstania listopadowego. Bitwa pod Ostro\u0142\u0119k\u0105 (26 maja 1831)\u201d"},"content":{"rendered":"<p style=\"text-align: justify;\">Osobom zainteresowanym losami powstania listopadowego polecamy ksi\u0105\u017ck\u0119 autorstwa Norberta Kasparka zatytu\u0142owan\u0105 \u201eDni prze\u0142omu powstania listopadowego. Bitwa pod Ostro\u0142\u0119k\u0105 (26 maja 1831)\u201d.<!--more--> Publikacja powsta\u0142a w oparciu o wieloletnie badania i jest podzielona na trzy cz\u0119\u015bci: \u201eWyprawa na gwardi\u0119\u201d, &#8222;Bitwa&#8221;, \u201ePobojowisko\u201d. Jest to wydanie drugie poprawione i rozszerzone.<\/p>\n<p style=\"text-align: justify;\">Ksi\u0105\u017cka jest do nabycia w naszym sklepiku muzealnym w cenie 45 z\u0142. Serdecznie zapraszamy.<\/p>\n","protected":false},"excerpt":{"rendered":"<p>Osobom zainteresowanym losami powstania listopadowego polecamy ksi\u0105\u017ck\u0119 autorstwa Norberta Kasparka zatytu\u0142owan\u0105 \u201eDni prze\u0142omu powstania listopadowego. Bitwa pod Ostro\u0142\u0119k\u0105 (26 maja 1831)\u201d.<\/p>\n","protected":false},"author":3,"featured_media":4623,"comment_status":"closed","ping_status":"closed","sticky":false,"template":"","format":"standard","meta":{"_acf_changed":false,"_lmt_disableupdate":"","_lmt_disable":"","_monsterinsights_skip_tracking":false,"_monsterinsights_sitenote_active":false,"_monsterinsights_sitenote_note":"","_monsterinsights_sitenote_category":0,"ngg_post_thumbnail":0,"footnotes":""},"categories":[3,41],"tags":[],"class_list":["post-4622","post","type-post","status-publish","format-standard","has-post-thumbnail","hentry","category-aktualnosci","category-publikacje"],"acf":[],"modified_by":"Daniel Go\u0142a\u015b","_links":{"self":[{"href":"https:\/\/muzeum.ostroleka.pl\/index.php?rest_route=\/wp\/v2\/posts\/4622","targetHints":{"allow":["GET"]}}],"collection":[{"href":"https:\/\/muzeum.ostroleka.pl\/index.php?rest_route=\/wp\/v2\/posts"}],"about":[{"href":"https:\/\/muzeum.ostroleka.pl\/index.php?rest_route=\/wp\/v2\/types\/post"}],"author":[{"embeddable":true,"href":"https:\/\/muzeum.ostroleka.pl\/index.php?rest_route=\/wp\/v2\/users\/3"}],"replies":[{"embeddable":true,"href":"https:\/\/muzeum.ostroleka.pl\/index.php?rest_route=%2Fwp%2Fv2%2Fcomments&post=4622"}],"version-history":[{"count":4,"href":"https:\/\/muzeum.ostroleka.pl\/index.php?rest_route=\/wp\/v2\/posts\/4622\/revisions"}],"predecessor-version":[{"id":14547,"href":"https:\/\/muzeum.ostroleka.pl\/index.php?rest_route=\/wp\/v2\/posts\/4622\/revisions\/14547"}],"wp:featuredmedia":[{"embeddable":true,"href":"https:\/\/muzeum.ostroleka.pl\/index.php?rest_route=\/wp\/v2\/media\/4623"}],"wp:attachment":[{"href":"https:\/\/muzeum.ostroleka.pl\/index.php?rest_route=%2Fwp%2Fv2%2Fmedia&parent=4622"}],"wp:term":[{"taxonomy":"category","embeddable":true,"href":"https:\/\/muzeum.ostroleka.pl\/index.php?rest_route=%2Fwp%2Fv2%2Fcategories&post=4622"},{"taxonomy":"post_tag","embeddable":true,"href":"https:\/\/muzeum.ostroleka.pl\/index.php?rest_route=%2Fwp%2Fv2%2Ftags&post=4622"}],"curies":[{"name":"wp","href":"https:\/\/api.w.org\/{rel}","templated":true}]}}