{"id":4631,"date":"2020-09-11T14:19:21","date_gmt":"2020-09-11T13:19:21","guid":{"rendered":"https:\/\/muzeum.ostroleka.pl\/?p=4631"},"modified":"2020-09-11T14:43:01","modified_gmt":"2020-09-11T13:43:01","slug":"konkurs-fotograficzny-odkrywamy-nasze-dziedzictwo-edycja-i-pt-dziedzictwo-drewnianej-architektury-mazowsza","status":"publish","type":"post","link":"https:\/\/muzeum.ostroleka.pl\/?p=4631","title":{"rendered":"Konkurs fotograficzny \u201eOdkrywamy nasze dziedzictwo\u201d. Edycja I. pt. \u201eDziedzictwo drewnianej architektury Mazowsza\u201d"},"content":{"rendered":"<p>Samorz\u0105d Wojew\u00f3dztwa Mazowieckiego organizuje konkurs fotograficzny &#8222;Odkrywamy nasze dziedzictwo&#8221;. To pierwsza edycja, kt\u00f3rej tematem jest \u201eDziedzictwo drewnianej architektury Mazowsza\u201d. Celem konkursu ma by\u0107 zwr\u00f3cenie uwagi na pi\u0119kno, bogactwo i r\u00f3\u017cnorodno\u015b\u0107 tradycyjnej architektury Mazowsza.<!--more--> Organizator zapowiada, \u017ce ka\u017cda kolejna edycja konkursu po\u015bwi\u0119cona b\u0119dzie innemu rodzajowi zabytk\u00f3w, dzi\u0119ki czemu uczestnicy corocznie b\u0119d\u0105 eksplorowa\u0107 inny obszar tematyczny.<\/p>\n<p>Nap\u00f3r prac potrwa do 15 pa\u017adziernika 2020 r.<\/p>\n<p>Wi\u0119cej informacji o konkursie pod adresem: <a href=\"https:\/\/www.mazovia.pl\/konkursy--szkolenia\/konkursy-fotograficzne\/art,31,konkurs-fotograficzny-odkrywamy-nasze-dziedzictwo-edycja-i-pt-dziedzictwo-drewnianej-architektury-mazowsza.html\">https:\/\/www.mazovia.pl\/konkursy&#8211;szkolenia\/konkursy-fotograficzne\/art,31,konkurs-fotograficzny-odkrywamy-nasze-dziedzictwo-edycja-i-pt-dziedzictwo-drewnianej-architektury-mazowsza.html<\/a><\/p>\n","protected":false},"excerpt":{"rendered":"<p>Samorz\u0105d Wojew\u00f3dztwa Mazowieckiego organizuje konkurs fotograficzny &#8222;Odkrywamy nasze dziedzictwo&#8221;. To pierwsza edycja, kt\u00f3rej tematem jest \u201eDziedzictwo drewnianej architektury Mazowsza\u201d. Celem konkursu ma by\u0107 zwr\u00f3cenie uwagi na pi\u0119kno, bogactwo i r\u00f3\u017cnorodno\u015b\u0107 tradycyjnej architektury Mazowsza.<\/p>\n","protected":false},"author":3,"featured_media":4632,"comment_status":"closed","ping_status":"closed","sticky":false,"template":"","format":"standard","meta":{"_acf_changed":false,"_lmt_disableupdate":"","_lmt_disable":"","_monsterinsights_skip_tracking":false,"_monsterinsights_sitenote_active":false,"_monsterinsights_sitenote_note":"","_monsterinsights_sitenote_category":0,"ngg_post_thumbnail":0,"footnotes":""},"categories":[3],"tags":[],"class_list":["post-4631","post","type-post","status-publish","format-standard","has-post-thumbnail","hentry","category-aktualnosci"],"acf":[],"modified_by":"Daniel Go\u0142a\u015b","_links":{"self":[{"href":"https:\/\/muzeum.ostroleka.pl\/index.php?rest_route=\/wp\/v2\/posts\/4631","targetHints":{"allow":["GET"]}}],"collection":[{"href":"https:\/\/muzeum.ostroleka.pl\/index.php?rest_route=\/wp\/v2\/posts"}],"about":[{"href":"https:\/\/muzeum.ostroleka.pl\/index.php?rest_route=\/wp\/v2\/types\/post"}],"author":[{"embeddable":true,"href":"https:\/\/muzeum.ostroleka.pl\/index.php?rest_route=\/wp\/v2\/users\/3"}],"replies":[{"embeddable":true,"href":"https:\/\/muzeum.ostroleka.pl\/index.php?rest_route=%2Fwp%2Fv2%2Fcomments&post=4631"}],"version-history":[{"count":4,"href":"https:\/\/muzeum.ostroleka.pl\/index.php?rest_route=\/wp\/v2\/posts\/4631\/revisions"}],"predecessor-version":[{"id":4636,"href":"https:\/\/muzeum.ostroleka.pl\/index.php?rest_route=\/wp\/v2\/posts\/4631\/revisions\/4636"}],"wp:featuredmedia":[{"embeddable":true,"href":"https:\/\/muzeum.ostroleka.pl\/index.php?rest_route=\/wp\/v2\/media\/4632"}],"wp:attachment":[{"href":"https:\/\/muzeum.ostroleka.pl\/index.php?rest_route=%2Fwp%2Fv2%2Fmedia&parent=4631"}],"wp:term":[{"taxonomy":"category","embeddable":true,"href":"https:\/\/muzeum.ostroleka.pl\/index.php?rest_route=%2Fwp%2Fv2%2Fcategories&post=4631"},{"taxonomy":"post_tag","embeddable":true,"href":"https:\/\/muzeum.ostroleka.pl\/index.php?rest_route=%2Fwp%2Fv2%2Ftags&post=4631"}],"curies":[{"name":"wp","href":"https:\/\/api.w.org\/{rel}","templated":true}]}}