{"id":473,"date":"2019-10-24T10:19:19","date_gmt":"2019-10-24T10:19:19","guid":{"rendered":"http:\/\/mkk.wisnia.pl\/?p=473"},"modified":"2019-10-24T10:19:19","modified_gmt":"2019-10-24T10:19:19","slug":"nowy-nabytek-muzeum-2","status":"publish","type":"post","link":"https:\/\/muzeum.ostroleka.pl\/?p=473","title":{"rendered":"Nowy nabytek muzeum"},"content":{"rendered":"<div class=\"leadArticle\">\n<p>W ostatnim czasie do zbior\u00f3w muzeum zakupiona zosta\u0142a kolejna praca do kolekcji malarzy emigracyjnych \u2013 \u017co\u0142nierzy powstania listopadowego. Jest ni\u0105 akwarela Teofila Kwiatkowskiego,&nbsp;<em>Bez tytu\u0142u&nbsp;<\/em>[<em>Scena rodzajowa. M\u0142oda kobieta (Izabela z Czartoryskich Dzia\u0142y\u0144ska?) z trojgiem dzieci<\/em>]. Nawi\u0105zuje ona do akwareli pochodz\u0105cej z&nbsp;<em>Albumu Go\u0142uchowskiego<\/em>&nbsp;ze zbior\u00f3w rysunk\u00f3w Muzeum Narodowego w&nbsp;Warszawie. Jest pi\u0119knie malowana; wyr\u00f3\u017cnia j\u0105 spos\u00f3b potraktowania detali zdobionych z&nbsp;precyzj\u0105 z\u0142otem, m.in. paski w ubraniach dzieci, bi\u017cuteria, np. spinka we w\u0142osach dziewczynki, naszyjnik, broszka na sukni kobiety, a tak\u017ce guziki. W tym zakresie stanowi przyk\u0142ad mistrzowskiego operowania przez autora pracy technikami miniaturzysty. Takie potraktowanie detali wp\u0142ywa na wyj\u0105tkowo\u015b\u0107 tej akwareli. Uroku dodaje jej r\u00f3wnie\u017c finezja w&nbsp;malowaniu twarzy dzieci i kobiety.<\/p>\n<\/div>\n<p>Autor pracy zwi\u0105zany by\u0142 blisko z kr\u0119giem rodu Czartoryskich, przyja\u017ani\u0142 si\u0119 z Fryderykiem Chopinem, Teofilem Lenartowiczem oraz pozostawa\u0142 w kontaktach z Adamem Mickiewiczem czy Cyprianem Kamilem Norwidem. Zostali oni, nieraz wielokrotnie (szczeg\u00f3lnie Chopin), utrwaleni na portretach, kt\u00f3re Kwiatkowski tworzy\u0142.<\/p>\n<p>Kwiatkowski po\u015bwi\u0119ci\u0142 swym protektorom kilkadziesi\u0105t prac. Malowa\u0142 m.in. ksi\u0119cia Jerzego Adama Czartoryskiego, Marcelin\u0119 Czartorysk\u0105, Jana Dzia\u0142y\u0144skiego, Izabel\u0119 Czartorysk\u0105, p\u00f3\u017aniejsz\u0105 Dzia\u0142y\u0144sk\u0105. T\u0119 ostatni\u0105 przedstawia\u0142 w scenach rodzajowych, zaj\u0119t\u0105 zabaw\u0105 z dzie\u0107mi w H\u00f4tel Lambert, w kt\u00f3rym prowadzi\u0142a szk\u00f3\u0142k\u0119 dla dzieci, b\u0105d\u017a alegorycznych, ukazan\u0105 w postaci anio\u0142a; Kwiatkowski malowa\u0142 j\u0105 na miniaturach i nadawa\u0142 jej rysy symbolicznym postaciom Polonii. Jest ukazana r\u00f3wnie\u017c w&nbsp;<em>Polonezie Chopina<\/em>.<\/p>\n<p>Autor pracy &#8211; Teofil Kwiatkowski (1809-1891) w powstaniu listopadowym s\u0142u\u017cy\u0142 w szeregach s\u0142ynnego 4&nbsp;Pu\u0142ku Piechoty Liniowej, tzw. Czwartak\u00f3w. Walczy\u0142 pod Olszynk\u0105 Grochowsk\u0105, D\u0119bem Wielkim i&nbsp;Ostro\u0142\u0119k\u0105. W konsekwencji tego, wraz z tysi\u0105cami innych powsta\u0144c\u00f3w, uda\u0142 si\u0119 na emigracj\u0119 do Francji, gdzie pozosta\u0142 do ko\u0144ca \u017cycia. Takich artyst\u00f3w, o r\u00f3\u017cnej skali talentu, wyemigrowa\u0142o na Zach\u00f3d Europy ponad stu. W latach 1839-1881 T. Kwiatkowski wystawia\u0142 na Paryskim Salonie, odnosz\u0105c co najmniej dwukrotnie sukces. Zainteresowania muzeum tym artyst\u0105 spowodowane jest r\u00f3wnie\u017c faktem, \u017ce urodzi\u0142 si\u0119 na Mazowszu, w Pu\u0142tusku. W korespondencji, kt\u00f3r\u0105 prowadzi\u0142 z Teofilem Lenartowiczem zachowa\u0142y si\u0119 \u015blady ich t\u0119sknoty za krajem lat m\u0142odzie\u0144czych i wspomnie\u0144 Mazowsza, w tym Kurpi. A sam Lenartowicz po\u015bwi\u0119ci\u0142 Teofilowi Kwiatkowskiemu wiersz pt.&nbsp;<em>Co\u015b tam o Kurpiach<\/em>. Malowa\u0142 r\u00f3wnie\u017c pejza\u017ce francuskie. Ze szczeg\u00f3ln\u0105 pieczo\u0142owito\u015bci\u0105 i maestri\u0105 pos\u0142ugiwa\u0142 si\u0119 akwarel\u0105, \u0142\u0105cz\u0105c j\u0105 nieraz z pastelem czy gwaszem.<\/p>\n<p>Muzeum Kultury Kurpiowskiej w Ostro\u0142\u0119ce od niedawna tworzy kolekcj\u0119 malarzy-\u017co\u0142nierzy listopadowych. Dzi\u0119ki dotacji Samorz\u0105du Wojew\u00f3dztwa Mazowieckiego, w 2017 roku, zakupili\u015bmy dwie prace Karola Malankiewicza (uczestnika bitwy pod Ostro\u0142\u0119k\u0105) oraz trzy prace Teofila Kwiatkowskiego. Pisali\u015bmy o nich na naszej stronie. U progu 2018 roku muzeum zakupi\u0142o jedn\u0105 prac\u0119 Kwiatkowskiego z&nbsp;w\u0142asnych funduszy, a dzi\u0119ki dotacji Samorz\u0105du Wojew\u00f3dztwa Mazowieckiego prezentowan\u0105 tu akwarel\u0119. Zgromadzone dotychczas prace malarzy emigracyjnych b\u0119dzie mo\u017cna obejrze\u0107 na wystawie sta\u0142ej w&nbsp;MKK, kt\u00f3r\u0105 otworzymy na pocz\u0105tku pa\u017adziernika tego roku.<\/p>\n<p>Barbara Kalinowska<\/p>\n<p>&nbsp;<\/p>\n<p><img loading=\"lazy\" decoding=\"async\" class=\"alignnone size-medium wp-image-391\" src=\"http:\/\/mkk.wisnia.pl\/wp-content\/uploads\/2019\/10\/Logo-mazowsze-300x107.jpg\" alt=\"\" width=\"300\" height=\"107\" srcset=\"https:\/\/muzeum.ostroleka.pl\/wp-content\/uploads\/2019\/10\/Logo-mazowsze-300x107.jpg 300w, https:\/\/muzeum.ostroleka.pl\/wp-content\/uploads\/2019\/10\/Logo-mazowsze-500x179.jpg 500w, https:\/\/muzeum.ostroleka.pl\/wp-content\/uploads\/2019\/10\/Logo-mazowsze.jpg 517w\" sizes=\"auto, (max-width: 300px) 100vw, 300px\" \/><\/p>\n<p>&nbsp;<\/p>\n","protected":false},"excerpt":{"rendered":"<p>W ostatnim czasie do zbior\u00f3w muzeum zakupiona zosta\u0142a kolejna praca do kolekcji malarzy emigracyjnych \u2013 \u017co\u0142nierzy powstania listopadowego. Jest ni\u0105 akwarela Teofila Kwiatkowskiego,&nbsp;Bez tytu\u0142u&nbsp;[Scena rodzajowa. M\u0142oda kobieta (Izabela z Czartoryskich Dzia\u0142y\u0144ska?) z trojgiem dzieci]. Nawi\u0105zuje ona do akwareli pochodz\u0105cej z&nbsp;Albumu Go\u0142uchowskiego&nbsp;ze zbior\u00f3w rysunk\u00f3w Muzeum Narodowego w&nbsp;Warszawie. Jest pi\u0119knie malowana; wyr\u00f3\u017cnia j\u0105 spos\u00f3b potraktowania detali zdobionych [&hellip;]<\/p>\n","protected":false},"author":1,"featured_media":474,"comment_status":"open","ping_status":"open","sticky":false,"template":"","format":"standard","meta":{"_acf_changed":false,"_lmt_disableupdate":"","_lmt_disable":"","_monsterinsights_skip_tracking":false,"_monsterinsights_sitenote_active":false,"_monsterinsights_sitenote_note":"","_monsterinsights_sitenote_category":0,"ngg_post_thumbnail":0,"footnotes":""},"categories":[9],"tags":[],"class_list":["post-473","post","type-post","status-publish","format-standard","has-post-thumbnail","hentry","category-inwestycje"],"acf":[],"modified_by":"wisnia","_links":{"self":[{"href":"https:\/\/muzeum.ostroleka.pl\/index.php?rest_route=\/wp\/v2\/posts\/473","targetHints":{"allow":["GET"]}}],"collection":[{"href":"https:\/\/muzeum.ostroleka.pl\/index.php?rest_route=\/wp\/v2\/posts"}],"about":[{"href":"https:\/\/muzeum.ostroleka.pl\/index.php?rest_route=\/wp\/v2\/types\/post"}],"author":[{"embeddable":true,"href":"https:\/\/muzeum.ostroleka.pl\/index.php?rest_route=\/wp\/v2\/users\/1"}],"replies":[{"embeddable":true,"href":"https:\/\/muzeum.ostroleka.pl\/index.php?rest_route=%2Fwp%2Fv2%2Fcomments&post=473"}],"version-history":[{"count":1,"href":"https:\/\/muzeum.ostroleka.pl\/index.php?rest_route=\/wp\/v2\/posts\/473\/revisions"}],"predecessor-version":[{"id":475,"href":"https:\/\/muzeum.ostroleka.pl\/index.php?rest_route=\/wp\/v2\/posts\/473\/revisions\/475"}],"wp:featuredmedia":[{"embeddable":true,"href":"https:\/\/muzeum.ostroleka.pl\/index.php?rest_route=\/wp\/v2\/media\/474"}],"wp:attachment":[{"href":"https:\/\/muzeum.ostroleka.pl\/index.php?rest_route=%2Fwp%2Fv2%2Fmedia&parent=473"}],"wp:term":[{"taxonomy":"category","embeddable":true,"href":"https:\/\/muzeum.ostroleka.pl\/index.php?rest_route=%2Fwp%2Fv2%2Fcategories&post=473"},{"taxonomy":"post_tag","embeddable":true,"href":"https:\/\/muzeum.ostroleka.pl\/index.php?rest_route=%2Fwp%2Fv2%2Ftags&post=473"}],"curies":[{"name":"wp","href":"https:\/\/api.w.org\/{rel}","templated":true}]}}