{"id":4747,"date":"2020-09-30T13:40:25","date_gmt":"2020-09-30T12:40:25","guid":{"rendered":"https:\/\/muzeum.ostroleka.pl\/?p=4747"},"modified":"2020-09-30T13:41:31","modified_gmt":"2020-09-30T12:41:31","slug":"seniorzy-w-muzeum-kultury-kurpiowskiej","status":"publish","type":"post","link":"https:\/\/muzeum.ostroleka.pl\/?p=4747","title":{"rendered":"Seniorzy w Muzeum Kultury Kurpiowskiej"},"content":{"rendered":"<p style=\"text-align: justify;\">Wczoraj Muzeum Kultury Kurpiowskiej w Ostro\u0142\u0119ce odwiedzili seniorzy z \u201eDziennego Domu SENIOR+\u201d.<br \/>\nNasi go\u015bcie po wys\u0142uchaniu wyk\u0142adu o historycznych mundurach wzi\u0119li udzia\u0142 w zaj\u0119ciach, w ramach kt\u00f3rych przy pomocy farb nadawali barwy drewnianym figurkom Czwartaka.<!--more--><\/p>\n<p style=\"text-align: justify;\">Modele \u017co\u0142nierzy 4 Pu\u0142ku Piechoty Liniowej (Czwartak\u00f3w) mog\u0105 stanowi\u0107 ozdob\u0119 w naszych domach, jednocze\u015bnie przypominaj\u0105c o historii naszej Ojczyzny i odwadze dzielnych \u017co\u0142nierzy walcz\u0105cych o jej niepodleg\u0142o\u015b\u0107.<\/p>\nngg_shortcode_0_placeholder\n","protected":false},"excerpt":{"rendered":"<p>Wczoraj Muzeum Kultury Kurpiowskiej w Ostro\u0142\u0119ce odwiedzili seniorzy z \u201eDziennego Domu SENIOR+\u201d. Nasi go\u015bcie po wys\u0142uchaniu wyk\u0142adu o historycznych mundurach wzi\u0119li udzia\u0142 w zaj\u0119ciach, w ramach kt\u00f3rych przy pomocy farb nadawali barwy drewnianym figurkom Czwartaka.<\/p>\n","protected":false},"author":3,"featured_media":4755,"comment_status":"closed","ping_status":"closed","sticky":false,"template":"","format":"standard","meta":{"_acf_changed":false,"_lmt_disableupdate":"","_lmt_disable":"","_monsterinsights_skip_tracking":false,"_monsterinsights_sitenote_active":false,"_monsterinsights_sitenote_note":"","_monsterinsights_sitenote_category":0,"ngg_post_thumbnail":0,"footnotes":""},"categories":[3],"tags":[],"class_list":["post-4747","post","type-post","status-publish","format-standard","has-post-thumbnail","hentry","category-aktualnosci"],"acf":[],"modified_by":"Daniel Go\u0142a\u015b","_links":{"self":[{"href":"https:\/\/muzeum.ostroleka.pl\/index.php?rest_route=\/wp\/v2\/posts\/4747","targetHints":{"allow":["GET"]}}],"collection":[{"href":"https:\/\/muzeum.ostroleka.pl\/index.php?rest_route=\/wp\/v2\/posts"}],"about":[{"href":"https:\/\/muzeum.ostroleka.pl\/index.php?rest_route=\/wp\/v2\/types\/post"}],"author":[{"embeddable":true,"href":"https:\/\/muzeum.ostroleka.pl\/index.php?rest_route=\/wp\/v2\/users\/3"}],"replies":[{"embeddable":true,"href":"https:\/\/muzeum.ostroleka.pl\/index.php?rest_route=%2Fwp%2Fv2%2Fcomments&post=4747"}],"version-history":[{"count":4,"href":"https:\/\/muzeum.ostroleka.pl\/index.php?rest_route=\/wp\/v2\/posts\/4747\/revisions"}],"predecessor-version":[{"id":4759,"href":"https:\/\/muzeum.ostroleka.pl\/index.php?rest_route=\/wp\/v2\/posts\/4747\/revisions\/4759"}],"wp:featuredmedia":[{"embeddable":true,"href":"https:\/\/muzeum.ostroleka.pl\/index.php?rest_route=\/wp\/v2\/media\/4755"}],"wp:attachment":[{"href":"https:\/\/muzeum.ostroleka.pl\/index.php?rest_route=%2Fwp%2Fv2%2Fmedia&parent=4747"}],"wp:term":[{"taxonomy":"category","embeddable":true,"href":"https:\/\/muzeum.ostroleka.pl\/index.php?rest_route=%2Fwp%2Fv2%2Fcategories&post=4747"},{"taxonomy":"post_tag","embeddable":true,"href":"https:\/\/muzeum.ostroleka.pl\/index.php?rest_route=%2Fwp%2Fv2%2Ftags&post=4747"}],"curies":[{"name":"wp","href":"https:\/\/api.w.org\/{rel}","templated":true}]}}