{"id":4763,"date":"2020-10-02T14:14:05","date_gmt":"2020-10-02T13:14:05","guid":{"rendered":"https:\/\/muzeum.ostroleka.pl\/?p=4763"},"modified":"2020-10-02T14:17:03","modified_gmt":"2020-10-02T13:17:03","slug":"nowy-cykl-rodzinnych-spotkan-w-muzeum","status":"publish","type":"post","link":"https:\/\/muzeum.ostroleka.pl\/?p=4763","title":{"rendered":"Nowy cykl rodzinnych spotka\u0144 w Muzeum"},"content":{"rendered":"<p style=\"text-align: justify;\">Rozpoczynamy nowy cykl spotka\u0144 pn. \u201eNiedziela w Muzeum\u201d. Oferta skierowana jest do rodzin pragn\u0105cych mi\u0142o i tw\u00f3rczo sp\u0119dzi\u0107 niedzielny czas.<!--more--> Naszych go\u015bci zaprosimy do muzealnej pracowni etnodizajnu, gdzie zainspirowani tradycj\u0105 i regionem kurpiowskim oraz wystawami i zabytkami ze zbior\u00f3w Muzeum Kultury Kurpiowskiej b\u0119d\u0105 wsp\u00f3lnie tworzy\u0107.<\/p>\n<p style=\"text-align: justify;\">Termin pierwszego spotkania to 11 pa\u017adziernika 2020 r.<\/p>\n<p style=\"text-align: justify;\">Szczeg\u00f3\u0142y podamy niebawem.<\/p>\n","protected":false},"excerpt":{"rendered":"<p>Rozpoczynamy nowy cykl spotka\u0144 pn. \u201eNiedziela w Muzeum\u201d. Oferta skierowana jest do rodzin pragn\u0105cych mi\u0142o i tw\u00f3rczo sp\u0119dzi\u0107 niedzielny czas.<\/p>\n","protected":false},"author":3,"featured_media":4764,"comment_status":"closed","ping_status":"closed","sticky":false,"template":"","format":"standard","meta":{"_acf_changed":false,"_lmt_disableupdate":"","_lmt_disable":"","_monsterinsights_skip_tracking":false,"_monsterinsights_sitenote_active":false,"_monsterinsights_sitenote_note":"","_monsterinsights_sitenote_category":0,"ngg_post_thumbnail":0,"footnotes":""},"categories":[3,19],"tags":[],"class_list":["post-4763","post","type-post","status-publish","format-standard","has-post-thumbnail","hentry","category-aktualnosci","category-imprezy-rodzinne"],"acf":[],"modified_by":"Daniel Go\u0142a\u015b","_links":{"self":[{"href":"https:\/\/muzeum.ostroleka.pl\/index.php?rest_route=\/wp\/v2\/posts\/4763","targetHints":{"allow":["GET"]}}],"collection":[{"href":"https:\/\/muzeum.ostroleka.pl\/index.php?rest_route=\/wp\/v2\/posts"}],"about":[{"href":"https:\/\/muzeum.ostroleka.pl\/index.php?rest_route=\/wp\/v2\/types\/post"}],"author":[{"embeddable":true,"href":"https:\/\/muzeum.ostroleka.pl\/index.php?rest_route=\/wp\/v2\/users\/3"}],"replies":[{"embeddable":true,"href":"https:\/\/muzeum.ostroleka.pl\/index.php?rest_route=%2Fwp%2Fv2%2Fcomments&post=4763"}],"version-history":[{"count":3,"href":"https:\/\/muzeum.ostroleka.pl\/index.php?rest_route=\/wp\/v2\/posts\/4763\/revisions"}],"predecessor-version":[{"id":4767,"href":"https:\/\/muzeum.ostroleka.pl\/index.php?rest_route=\/wp\/v2\/posts\/4763\/revisions\/4767"}],"wp:featuredmedia":[{"embeddable":true,"href":"https:\/\/muzeum.ostroleka.pl\/index.php?rest_route=\/wp\/v2\/media\/4764"}],"wp:attachment":[{"href":"https:\/\/muzeum.ostroleka.pl\/index.php?rest_route=%2Fwp%2Fv2%2Fmedia&parent=4763"}],"wp:term":[{"taxonomy":"category","embeddable":true,"href":"https:\/\/muzeum.ostroleka.pl\/index.php?rest_route=%2Fwp%2Fv2%2Fcategories&post=4763"},{"taxonomy":"post_tag","embeddable":true,"href":"https:\/\/muzeum.ostroleka.pl\/index.php?rest_route=%2Fwp%2Fv2%2Ftags&post=4763"}],"curies":[{"name":"wp","href":"https:\/\/api.w.org\/{rel}","templated":true}]}}