{"id":4772,"date":"2020-10-05T15:03:07","date_gmt":"2020-10-05T14:03:07","guid":{"rendered":"https:\/\/muzeum.ostroleka.pl\/?p=4772"},"modified":"2020-10-06T13:36:08","modified_gmt":"2020-10-06T12:36:08","slug":"patyki-i-kije-co-sie-w-nich-kryje","status":"publish","type":"post","link":"https:\/\/muzeum.ostroleka.pl\/?p=4772","title":{"rendered":"\u201ePatyki i kije \u2013 co si\u0119 w nich kryje\u201d"},"content":{"rendered":"<p style=\"text-align: justify;\">Czy wiecie, \u017ce patyczaki to nie tylko owady przypominaj\u0105ce ga\u0142\u0105zki?<\/p>\n<p style=\"text-align: justify;\">\u201ePatyki i kije \u2013 co si\u0119 w nich kryje\u201d to tytu\u0142 pierwszego spotkania z cyklu \u201eNiedziela w Muzeum\u201d, na kt\u00f3re zapraszamy 11 pa\u017adziernika 2020 r. B\u0119dzie ono nawi\u0105zywa\u0142o do nowo otwartej wystawy \u201eS[\u0142]ucha pani. \u015awiat patyczak\u00f3w Henryka Ciszewskiego\u201d, a rozpoczniemy je oprowadzaniem kuratorskim.<!--more--> Po zwiedzaniu ekspozycji udamy si\u0119 do pracowni etnodizajnu, gdzie uczestnicy stworz\u0105 swoje w\u0142asne &#8222;patyczakowe wariacje&#8221; \ud83d\ude09 Je\u017celi posiadacie ciekawe, o niecodziennym kszta\u0142cie patyki, ga\u0142\u0105zki, kt\u00f3rych chcieliby\u015bcie u\u017cy\u0107 do stworzenia w\u0142asnych dzie\u0142 to zach\u0119camy do zabrania ich ze sob\u0105 na muzealne zaj\u0119cia.<\/p>\n<p style=\"text-align: justify;\">Uwaga!<br \/>\nNa spotkania obowi\u0105zuj\u0105 zapisy pod nr tel. 29 764 54 43 wew. 43.<br \/>\nIlo\u015b\u0107 miejsc ograniczona.<\/p>\n<p style=\"text-align: justify;\">Termin spotkania: 11.10.2020 r. (niedziela), godz. 10.30-12.30 oraz 13.00-15.00.<br \/>\nCena: 10 z\u0142 od osoby.<br \/>\nMiejsce: Muzeum Kultury Kurpiowskiej w Ostro\u0142\u0119ce przy placu gen. J. Bema 8.<\/p>\n","protected":false},"excerpt":{"rendered":"<p>Czy wiecie, \u017ce patyczaki to nie tylko owady przypominaj\u0105ce ga\u0142\u0105zki? \u201ePatyki i kije \u2013 co si\u0119 w nich kryje\u201d to tytu\u0142 pierwszego spotkania z cyklu \u201eNiedziela w Muzeum\u201d, na kt\u00f3re zapraszamy 11 pa\u017adziernika 2020 r. B\u0119dzie ono nawi\u0105zywa\u0142o do nowo otwartej wystawy \u201eS[\u0142]ucha pani. \u015awiat patyczak\u00f3w Henryka Ciszewskiego\u201d, a rozpoczniemy je oprowadzaniem kuratorskim.<\/p>\n","protected":false},"author":3,"featured_media":4779,"comment_status":"closed","ping_status":"closed","sticky":false,"template":"","format":"standard","meta":{"_acf_changed":false,"_lmt_disableupdate":"","_lmt_disable":"","_monsterinsights_skip_tracking":false,"_monsterinsights_sitenote_active":false,"_monsterinsights_sitenote_note":"","_monsterinsights_sitenote_category":0,"ngg_post_thumbnail":0,"footnotes":""},"categories":[3],"tags":[],"class_list":["post-4772","post","type-post","status-publish","format-standard","has-post-thumbnail","hentry","category-aktualnosci"],"acf":[],"modified_by":"Daniel Go\u0142a\u015b","_links":{"self":[{"href":"https:\/\/muzeum.ostroleka.pl\/index.php?rest_route=\/wp\/v2\/posts\/4772","targetHints":{"allow":["GET"]}}],"collection":[{"href":"https:\/\/muzeum.ostroleka.pl\/index.php?rest_route=\/wp\/v2\/posts"}],"about":[{"href":"https:\/\/muzeum.ostroleka.pl\/index.php?rest_route=\/wp\/v2\/types\/post"}],"author":[{"embeddable":true,"href":"https:\/\/muzeum.ostroleka.pl\/index.php?rest_route=\/wp\/v2\/users\/3"}],"replies":[{"embeddable":true,"href":"https:\/\/muzeum.ostroleka.pl\/index.php?rest_route=%2Fwp%2Fv2%2Fcomments&post=4772"}],"version-history":[{"count":5,"href":"https:\/\/muzeum.ostroleka.pl\/index.php?rest_route=\/wp\/v2\/posts\/4772\/revisions"}],"predecessor-version":[{"id":4777,"href":"https:\/\/muzeum.ostroleka.pl\/index.php?rest_route=\/wp\/v2\/posts\/4772\/revisions\/4777"}],"wp:featuredmedia":[{"embeddable":true,"href":"https:\/\/muzeum.ostroleka.pl\/index.php?rest_route=\/wp\/v2\/media\/4779"}],"wp:attachment":[{"href":"https:\/\/muzeum.ostroleka.pl\/index.php?rest_route=%2Fwp%2Fv2%2Fmedia&parent=4772"}],"wp:term":[{"taxonomy":"category","embeddable":true,"href":"https:\/\/muzeum.ostroleka.pl\/index.php?rest_route=%2Fwp%2Fv2%2Fcategories&post=4772"},{"taxonomy":"post_tag","embeddable":true,"href":"https:\/\/muzeum.ostroleka.pl\/index.php?rest_route=%2Fwp%2Fv2%2Ftags&post=4772"}],"curies":[{"name":"wp","href":"https:\/\/api.w.org\/{rel}","templated":true}]}}