{"id":478,"date":"2019-10-24T10:21:29","date_gmt":"2019-10-24T10:21:29","guid":{"rendered":"http:\/\/mkk.wisnia.pl\/?p=478"},"modified":"2019-10-24T10:22:05","modified_gmt":"2019-10-24T10:22:05","slug":"nowy-samochod-dla-muzeum-2","status":"publish","type":"post","link":"https:\/\/muzeum.ostroleka.pl\/?p=478","title":{"rendered":"Nowy samoch\u00f3d dla muzeum"},"content":{"rendered":"<p>Muzeum Kultury Kurpiowskiej w Ostro\u0142\u0119ce, w ramach zadania \u201eZakup samochodu osobowego typu bus\u201d, zakupi\u0142o nowy samoch\u00f3d do przewozu eksponat\u00f3w \u2013 Opla Vivaro. \u015arodki na zakup samochodu pochodzi\u0142y z dotacji Samorz\u0105du Wojew\u00f3dztwa Mazowieckiego.<\/p>\n<p>&nbsp;<\/p>\n<p><img loading=\"lazy\" decoding=\"async\" class=\"alignnone size-medium wp-image-391\" src=\"http:\/\/mkk.wisnia.pl\/wp-content\/uploads\/2019\/10\/Logo-mazowsze-300x107.jpg\" alt=\"\" width=\"300\" height=\"107\" srcset=\"https:\/\/muzeum.ostroleka.pl\/wp-content\/uploads\/2019\/10\/Logo-mazowsze-300x107.jpg 300w, https:\/\/muzeum.ostroleka.pl\/wp-content\/uploads\/2019\/10\/Logo-mazowsze-500x179.jpg 500w, https:\/\/muzeum.ostroleka.pl\/wp-content\/uploads\/2019\/10\/Logo-mazowsze.jpg 517w\" sizes=\"auto, (max-width: 300px) 100vw, 300px\" \/><\/p>\nngg_shortcode_0_placeholder\n<p>&nbsp;<\/p>\n","protected":false},"excerpt":{"rendered":"<p>Muzeum Kultury Kurpiowskiej w Ostro\u0142\u0119ce, w ramach zadania \u201eZakup samochodu osobowego typu bus\u201d, zakupi\u0142o nowy samoch\u00f3d do przewozu eksponat\u00f3w \u2013 Opla Vivaro. \u015arodki na zakup samochodu pochodzi\u0142y z dotacji Samorz\u0105du Wojew\u00f3dztwa Mazowieckiego. &nbsp; &nbsp; &nbsp;<\/p>\n","protected":false},"author":1,"featured_media":0,"comment_status":"open","ping_status":"open","sticky":false,"template":"","format":"standard","meta":{"_acf_changed":false,"_lmt_disableupdate":"","_lmt_disable":"","_monsterinsights_skip_tracking":false,"_monsterinsights_sitenote_active":false,"_monsterinsights_sitenote_note":"","_monsterinsights_sitenote_category":0,"ngg_post_thumbnail":0,"footnotes":""},"categories":[9],"tags":[],"class_list":["post-478","post","type-post","status-publish","format-standard","hentry","category-inwestycje"],"acf":[],"modified_by":"wisnia","_links":{"self":[{"href":"https:\/\/muzeum.ostroleka.pl\/index.php?rest_route=\/wp\/v2\/posts\/478","targetHints":{"allow":["GET"]}}],"collection":[{"href":"https:\/\/muzeum.ostroleka.pl\/index.php?rest_route=\/wp\/v2\/posts"}],"about":[{"href":"https:\/\/muzeum.ostroleka.pl\/index.php?rest_route=\/wp\/v2\/types\/post"}],"author":[{"embeddable":true,"href":"https:\/\/muzeum.ostroleka.pl\/index.php?rest_route=\/wp\/v2\/users\/1"}],"replies":[{"embeddable":true,"href":"https:\/\/muzeum.ostroleka.pl\/index.php?rest_route=%2Fwp%2Fv2%2Fcomments&post=478"}],"version-history":[{"count":2,"href":"https:\/\/muzeum.ostroleka.pl\/index.php?rest_route=\/wp\/v2\/posts\/478\/revisions"}],"predecessor-version":[{"id":483,"href":"https:\/\/muzeum.ostroleka.pl\/index.php?rest_route=\/wp\/v2\/posts\/478\/revisions\/483"}],"wp:attachment":[{"href":"https:\/\/muzeum.ostroleka.pl\/index.php?rest_route=%2Fwp%2Fv2%2Fmedia&parent=478"}],"wp:term":[{"taxonomy":"category","embeddable":true,"href":"https:\/\/muzeum.ostroleka.pl\/index.php?rest_route=%2Fwp%2Fv2%2Fcategories&post=478"},{"taxonomy":"post_tag","embeddable":true,"href":"https:\/\/muzeum.ostroleka.pl\/index.php?rest_route=%2Fwp%2Fv2%2Ftags&post=478"}],"curies":[{"name":"wp","href":"https:\/\/api.w.org\/{rel}","templated":true}]}}