{"id":4780,"date":"2020-10-07T14:27:11","date_gmt":"2020-10-07T13:27:11","guid":{"rendered":"https:\/\/muzeum.ostroleka.pl\/?p=4780"},"modified":"2020-10-07T14:27:11","modified_gmt":"2020-10-07T13:27:11","slug":"nowy-model-torby-w-sklepiku-muzealnym","status":"publish","type":"post","link":"https:\/\/muzeum.ostroleka.pl\/?p=4780","title":{"rendered":"Nowy model torby w sklepiku muzealnym"},"content":{"rendered":"<p>Przedstawiamy nowy model torby z motywem nawi\u0105zuj\u0105cym do wystawy \u201eS[\u0142]ucha pani. \u015awiat patyczak\u00f3w Henryka Ciszewskiego\u201d.<!--more--><br \/>\nTorb\u0119 mo\u017cna naby\u0107 w naszym sklepiku muzealnym w cenie 12 z\u0142.<\/p>\n<p>&nbsp;<\/p>\nngg_shortcode_0_placeholder\n","protected":false},"excerpt":{"rendered":"<p>Przedstawiamy nowy model torby z motywem nawi\u0105zuj\u0105cym do wystawy \u201eS[\u0142]ucha pani. \u015awiat patyczak\u00f3w Henryka Ciszewskiego\u201d.<\/p>\n","protected":false},"author":3,"featured_media":4786,"comment_status":"closed","ping_status":"closed","sticky":false,"template":"","format":"standard","meta":{"_acf_changed":false,"_lmt_disableupdate":"","_lmt_disable":"","_monsterinsights_skip_tracking":false,"_monsterinsights_sitenote_active":false,"_monsterinsights_sitenote_note":"","_monsterinsights_sitenote_category":0,"ngg_post_thumbnail":0,"footnotes":""},"categories":[3],"tags":[],"class_list":["post-4780","post","type-post","status-publish","format-standard","has-post-thumbnail","hentry","category-aktualnosci"],"acf":[],"modified_by":"Daniel Go\u0142a\u015b","_links":{"self":[{"href":"https:\/\/muzeum.ostroleka.pl\/index.php?rest_route=\/wp\/v2\/posts\/4780","targetHints":{"allow":["GET"]}}],"collection":[{"href":"https:\/\/muzeum.ostroleka.pl\/index.php?rest_route=\/wp\/v2\/posts"}],"about":[{"href":"https:\/\/muzeum.ostroleka.pl\/index.php?rest_route=\/wp\/v2\/types\/post"}],"author":[{"embeddable":true,"href":"https:\/\/muzeum.ostroleka.pl\/index.php?rest_route=\/wp\/v2\/users\/3"}],"replies":[{"embeddable":true,"href":"https:\/\/muzeum.ostroleka.pl\/index.php?rest_route=%2Fwp%2Fv2%2Fcomments&post=4780"}],"version-history":[{"count":3,"href":"https:\/\/muzeum.ostroleka.pl\/index.php?rest_route=\/wp\/v2\/posts\/4780\/revisions"}],"predecessor-version":[{"id":4788,"href":"https:\/\/muzeum.ostroleka.pl\/index.php?rest_route=\/wp\/v2\/posts\/4780\/revisions\/4788"}],"wp:featuredmedia":[{"embeddable":true,"href":"https:\/\/muzeum.ostroleka.pl\/index.php?rest_route=\/wp\/v2\/media\/4786"}],"wp:attachment":[{"href":"https:\/\/muzeum.ostroleka.pl\/index.php?rest_route=%2Fwp%2Fv2%2Fmedia&parent=4780"}],"wp:term":[{"taxonomy":"category","embeddable":true,"href":"https:\/\/muzeum.ostroleka.pl\/index.php?rest_route=%2Fwp%2Fv2%2Fcategories&post=4780"},{"taxonomy":"post_tag","embeddable":true,"href":"https:\/\/muzeum.ostroleka.pl\/index.php?rest_route=%2Fwp%2Fv2%2Ftags&post=4780"}],"curies":[{"name":"wp","href":"https:\/\/api.w.org\/{rel}","templated":true}]}}