{"id":4872,"date":"2020-10-22T14:41:46","date_gmt":"2020-10-22T13:41:46","guid":{"rendered":"http:\/\/muzeum.ostroleka.pl\/?p=4872"},"modified":"2020-10-22T15:00:33","modified_gmt":"2020-10-22T14:00:33","slug":"warszawska-orkiestra-sentymentalna-zaprasza-do-ciekawej-zabawy","status":"publish","type":"post","link":"https:\/\/muzeum.ostroleka.pl\/?p=4872","title":{"rendered":"Warszawska Orkiestra Sentymentalna zaprasza do ciekawej zabawy"},"content":{"rendered":"<p>Portal moja-ostroleka.pl poinformowa\u0142 o ciekawej inicjatywie Warszawskiej Orkiestry Sentymentalnej. Muzycy zaproponowali spos\u00f3b na zabaw\u0119, mo\u017cliwy do zrealizowania nawet w dobie pandemii. Orkiestra zach\u0119ca do zata\u0144czenia w domu czy plenerze w rytmie piosenki pt. &#8222;Ta\u0144cz m\u00f3j z\u0142oty&#8221;, uwiecznienie tego na wideo, a nast\u0119pnie dostarczenie filmu muzykom.<br \/>\nWi\u0119cej informacji na stronie: <a href=\"https:\/\/www.moja-ostroleka.pl\/art\/1603352068\/dolacz-do-sentymentalnego-fajfu-zatancz-w-rytm-piosenki-tancz-moj-zloty-i-przeslij-swoj-film-wideo\">https:\/\/www.moja-ostroleka.pl\/art\/1603352068\/dolacz-do-sentymentalnego-fajfu-zatancz-w-rytm-piosenki-tancz-moj-zloty-i-przeslij-swoj-film-wideo<\/a><\/p>\n<p>My r\u00f3wnie\u017c zach\u0119camy do zabawy, a jednocze\u015bnie chcieliby\u015bmy wspomnie\u0107, \u017ce Warszawska Orkiestra Sentymentalna w styczniu 2018 r. zapewnia\u0142a wspania\u0142\u0105 zabaw\u0119 na pota\u0144c\u00f3wce w Muzeum Kultury Kurpiowskiej w Ostro\u0142\u0119ce.<\/p>\n","protected":false},"excerpt":{"rendered":"<p>Portal moja-ostroleka.pl poinformowa\u0142 o ciekawej inicjatywie Warszawskiej Orkiestry Sentymentalnej. Muzycy zaproponowali spos\u00f3b na zabaw\u0119, mo\u017cliwy do zrealizowania nawet w dobie pandemii. Orkiestra zach\u0119ca do zata\u0144czenia w domu czy plenerze w rytmie piosenki pt. &#8222;Ta\u0144cz m\u00f3j z\u0142oty&#8221;, uwiecznienie tego na wideo, a nast\u0119pnie dostarczenie filmu muzykom. Wi\u0119cej informacji na stronie: https:\/\/www.moja-ostroleka.pl\/art\/1603352068\/dolacz-do-sentymentalnego-fajfu-zatancz-w-rytm-piosenki-tancz-moj-zloty-i-przeslij-swoj-film-wideo My r\u00f3wnie\u017c zach\u0119camy do zabawy, [&hellip;]<\/p>\n","protected":false},"author":3,"featured_media":4878,"comment_status":"closed","ping_status":"closed","sticky":false,"template":"","format":"standard","meta":{"_acf_changed":false,"_lmt_disableupdate":"","_lmt_disable":"","_monsterinsights_skip_tracking":false,"_monsterinsights_sitenote_active":false,"_monsterinsights_sitenote_note":"","_monsterinsights_sitenote_category":0,"ngg_post_thumbnail":0,"footnotes":""},"categories":[3],"tags":[],"class_list":["post-4872","post","type-post","status-publish","format-standard","has-post-thumbnail","hentry","category-aktualnosci"],"acf":[],"modified_by":"Daniel Go\u0142a\u015b","_links":{"self":[{"href":"https:\/\/muzeum.ostroleka.pl\/index.php?rest_route=\/wp\/v2\/posts\/4872","targetHints":{"allow":["GET"]}}],"collection":[{"href":"https:\/\/muzeum.ostroleka.pl\/index.php?rest_route=\/wp\/v2\/posts"}],"about":[{"href":"https:\/\/muzeum.ostroleka.pl\/index.php?rest_route=\/wp\/v2\/types\/post"}],"author":[{"embeddable":true,"href":"https:\/\/muzeum.ostroleka.pl\/index.php?rest_route=\/wp\/v2\/users\/3"}],"replies":[{"embeddable":true,"href":"https:\/\/muzeum.ostroleka.pl\/index.php?rest_route=%2Fwp%2Fv2%2Fcomments&post=4872"}],"version-history":[{"count":3,"href":"https:\/\/muzeum.ostroleka.pl\/index.php?rest_route=\/wp\/v2\/posts\/4872\/revisions"}],"predecessor-version":[{"id":4877,"href":"https:\/\/muzeum.ostroleka.pl\/index.php?rest_route=\/wp\/v2\/posts\/4872\/revisions\/4877"}],"wp:featuredmedia":[{"embeddable":true,"href":"https:\/\/muzeum.ostroleka.pl\/index.php?rest_route=\/wp\/v2\/media\/4878"}],"wp:attachment":[{"href":"https:\/\/muzeum.ostroleka.pl\/index.php?rest_route=%2Fwp%2Fv2%2Fmedia&parent=4872"}],"wp:term":[{"taxonomy":"category","embeddable":true,"href":"https:\/\/muzeum.ostroleka.pl\/index.php?rest_route=%2Fwp%2Fv2%2Fcategories&post=4872"},{"taxonomy":"post_tag","embeddable":true,"href":"https:\/\/muzeum.ostroleka.pl\/index.php?rest_route=%2Fwp%2Fv2%2Ftags&post=4872"}],"curies":[{"name":"wp","href":"https:\/\/api.w.org\/{rel}","templated":true}]}}