{"id":4879,"date":"2020-10-23T09:24:11","date_gmt":"2020-10-23T08:24:11","guid":{"rendered":"http:\/\/muzeum.ostroleka.pl\/?p=4879"},"modified":"2020-10-23T09:24:11","modified_gmt":"2020-10-23T08:24:11","slug":"rzezba-pt-zebrak","status":"publish","type":"post","link":"https:\/\/muzeum.ostroleka.pl\/?p=4879","title":{"rendered":"Rze\u017aba pt. \u201e\u017bebrak\u201d"},"content":{"rendered":"<p>Henryk Ciszewski stworzy\u0142 wiele niepowtarzalnych i zarazem fascynuj\u0105cych rze\u017ab, nazwanych przez muzealnik\u00f3w \u201epatyczakami\u201d. Jednym z dzie\u0142 artysty jest prezentowana obecnie na wystawie w Muzeum Kultury Kurpiowskiej w Ostro\u0142\u0119ce rze\u017aba pt. \u201e\u017bebrak\u201d, do kt\u00f3rej tw\u00f3rca r\u00f3wnie\u017c pozostawi\u0142 legend\u0119.<!--more--><\/p>\n<p>Legenda tw\u00f3rcy: \u201eChodzi\u0142 \u017cebrak po domach, kiedy doro\u015bli pracowali w polu. Wykorzystywa\u0142 moment, gdy dzieci by\u0142y same w domu. Straszy\u0142 je przekr\u0119caj\u0105c oczy i krzycz\u0105c: \u00bbUciekajcie, bo ja mam czerwone oczy\u00ab i wtedy okrada\u0142 cha\u0142upy\u201d.<\/p>\n<p>&nbsp;<\/p>\n<p>Henryk Ciszewski, \u017bebrak, nr inw. MKK\/E\/3074<\/p>\nngg_shortcode_0_placeholder\n","protected":false},"excerpt":{"rendered":"<p>Henryk Ciszewski stworzy\u0142 wiele niepowtarzalnych i zarazem fascynuj\u0105cych rze\u017ab, nazwanych przez muzealnik\u00f3w \u201epatyczakami\u201d. Jednym z dzie\u0142 artysty jest prezentowana obecnie na wystawie w Muzeum Kultury Kurpiowskiej w Ostro\u0142\u0119ce rze\u017aba pt. \u201e\u017bebrak\u201d, do kt\u00f3rej tw\u00f3rca r\u00f3wnie\u017c pozostawi\u0142 legend\u0119.<\/p>\n","protected":false},"author":3,"featured_media":4882,"comment_status":"closed","ping_status":"closed","sticky":false,"template":"","format":"standard","meta":{"_acf_changed":false,"_lmt_disableupdate":"","_lmt_disable":"","_monsterinsights_skip_tracking":false,"_monsterinsights_sitenote_active":false,"_monsterinsights_sitenote_note":"","_monsterinsights_sitenote_category":0,"ngg_post_thumbnail":0,"footnotes":""},"categories":[3,55],"tags":[],"class_list":["post-4879","post","type-post","status-publish","format-standard","has-post-thumbnail","hentry","category-aktualnosci","category-wirtualne-muzeum"],"acf":[],"modified_by":"Daniel Go\u0142a\u015b","_links":{"self":[{"href":"https:\/\/muzeum.ostroleka.pl\/index.php?rest_route=\/wp\/v2\/posts\/4879","targetHints":{"allow":["GET"]}}],"collection":[{"href":"https:\/\/muzeum.ostroleka.pl\/index.php?rest_route=\/wp\/v2\/posts"}],"about":[{"href":"https:\/\/muzeum.ostroleka.pl\/index.php?rest_route=\/wp\/v2\/types\/post"}],"author":[{"embeddable":true,"href":"https:\/\/muzeum.ostroleka.pl\/index.php?rest_route=\/wp\/v2\/users\/3"}],"replies":[{"embeddable":true,"href":"https:\/\/muzeum.ostroleka.pl\/index.php?rest_route=%2Fwp%2Fv2%2Fcomments&post=4879"}],"version-history":[{"count":3,"href":"https:\/\/muzeum.ostroleka.pl\/index.php?rest_route=\/wp\/v2\/posts\/4879\/revisions"}],"predecessor-version":[{"id":4885,"href":"https:\/\/muzeum.ostroleka.pl\/index.php?rest_route=\/wp\/v2\/posts\/4879\/revisions\/4885"}],"wp:featuredmedia":[{"embeddable":true,"href":"https:\/\/muzeum.ostroleka.pl\/index.php?rest_route=\/wp\/v2\/media\/4882"}],"wp:attachment":[{"href":"https:\/\/muzeum.ostroleka.pl\/index.php?rest_route=%2Fwp%2Fv2%2Fmedia&parent=4879"}],"wp:term":[{"taxonomy":"category","embeddable":true,"href":"https:\/\/muzeum.ostroleka.pl\/index.php?rest_route=%2Fwp%2Fv2%2Fcategories&post=4879"},{"taxonomy":"post_tag","embeddable":true,"href":"https:\/\/muzeum.ostroleka.pl\/index.php?rest_route=%2Fwp%2Fv2%2Ftags&post=4879"}],"curies":[{"name":"wp","href":"https:\/\/api.w.org\/{rel}","templated":true}]}}