{"id":4931,"date":"2020-10-30T10:38:23","date_gmt":"2020-10-30T09:38:23","guid":{"rendered":"http:\/\/muzeum.ostroleka.pl\/?p=4931"},"modified":"2020-10-30T10:38:23","modified_gmt":"2020-10-30T09:38:23","slug":"postac-wartownika-w-tworczosci-rzezbiarza","status":"publish","type":"post","link":"https:\/\/muzeum.ostroleka.pl\/?p=4931","title":{"rendered":"Posta\u0107 wartownika w tw\u00f3rczo\u015bci rze\u017abiarza"},"content":{"rendered":"<p style=\"text-align: justify;\">Kolejnym dzie\u0142em Henryka Ciszewskiego, kt\u00f3re mamy przyjemno\u015b\u0107 Pa\u0144stwu zaprezentowa\u0107 jest rze\u017aba przedstawiaj\u0105ca posta\u0107 wartownika.<!--more--> Tw\u00f3rca pozostawi\u0142 do rze\u017aby kr\u00f3tk\u0105 legend\u0119, kt\u00f3ra zapewne szczeg\u00f3lnie zaciekawi mieszka\u0144c\u00f3w Kurpiowszczyzny.<br \/>\nLegenda tw\u00f3rcy: \u201eKrzy\u017cacy id\u0105c w kierunku Ostro\u0142\u0119ki ostrzegali si\u0119, \u017ce polska warta stoi, a to po niemiecku znaczy \u00bbwache\u00ab. St\u0105d nazwa wsi Wach\u201d.<\/p>\n<p>&nbsp;<\/p>\n<p style=\"text-align: justify;\">Henryk Ciszewski, [Wach], nr inw. MKK\/E\/3055<\/p>\nngg_shortcode_0_placeholder\n","protected":false},"excerpt":{"rendered":"<p>Kolejnym dzie\u0142em Henryka Ciszewskiego, kt\u00f3re mamy przyjemno\u015b\u0107 Pa\u0144stwu zaprezentowa\u0107 jest rze\u017aba przedstawiaj\u0105ca posta\u0107 wartownika.<\/p>\n","protected":false},"author":3,"featured_media":4932,"comment_status":"closed","ping_status":"closed","sticky":false,"template":"","format":"standard","meta":{"_acf_changed":false,"_lmt_disableupdate":"","_lmt_disable":"","_monsterinsights_skip_tracking":false,"_monsterinsights_sitenote_active":false,"_monsterinsights_sitenote_note":"","_monsterinsights_sitenote_category":0,"ngg_post_thumbnail":0,"footnotes":""},"categories":[3,55],"tags":[],"class_list":["post-4931","post","type-post","status-publish","format-standard","has-post-thumbnail","hentry","category-aktualnosci","category-wirtualne-muzeum"],"acf":[],"modified_by":"Daniel Go\u0142a\u015b","_links":{"self":[{"href":"https:\/\/muzeum.ostroleka.pl\/index.php?rest_route=\/wp\/v2\/posts\/4931","targetHints":{"allow":["GET"]}}],"collection":[{"href":"https:\/\/muzeum.ostroleka.pl\/index.php?rest_route=\/wp\/v2\/posts"}],"about":[{"href":"https:\/\/muzeum.ostroleka.pl\/index.php?rest_route=\/wp\/v2\/types\/post"}],"author":[{"embeddable":true,"href":"https:\/\/muzeum.ostroleka.pl\/index.php?rest_route=\/wp\/v2\/users\/3"}],"replies":[{"embeddable":true,"href":"https:\/\/muzeum.ostroleka.pl\/index.php?rest_route=%2Fwp%2Fv2%2Fcomments&post=4931"}],"version-history":[{"count":1,"href":"https:\/\/muzeum.ostroleka.pl\/index.php?rest_route=\/wp\/v2\/posts\/4931\/revisions"}],"predecessor-version":[{"id":4933,"href":"https:\/\/muzeum.ostroleka.pl\/index.php?rest_route=\/wp\/v2\/posts\/4931\/revisions\/4933"}],"wp:featuredmedia":[{"embeddable":true,"href":"https:\/\/muzeum.ostroleka.pl\/index.php?rest_route=\/wp\/v2\/media\/4932"}],"wp:attachment":[{"href":"https:\/\/muzeum.ostroleka.pl\/index.php?rest_route=%2Fwp%2Fv2%2Fmedia&parent=4931"}],"wp:term":[{"taxonomy":"category","embeddable":true,"href":"https:\/\/muzeum.ostroleka.pl\/index.php?rest_route=%2Fwp%2Fv2%2Fcategories&post=4931"},{"taxonomy":"post_tag","embeddable":true,"href":"https:\/\/muzeum.ostroleka.pl\/index.php?rest_route=%2Fwp%2Fv2%2Ftags&post=4931"}],"curies":[{"name":"wp","href":"https:\/\/api.w.org\/{rel}","templated":true}]}}