{"id":4959,"date":"2020-11-06T15:10:39","date_gmt":"2020-11-06T14:10:39","guid":{"rendered":"http:\/\/muzeum.ostroleka.pl\/?p=4959"},"modified":"2020-11-06T15:59:03","modified_gmt":"2020-11-06T14:59:03","slug":"karty-edukacyjne-z-okazji-zblizajacego-sie-narodowego-swieta-niepodleglosci-karta-nr-1","status":"publish","type":"post","link":"https:\/\/muzeum.ostroleka.pl\/?p=4959","title":{"rendered":"Karty edukacyjne z okazji zbli\u017caj\u0105cego si\u0119 Narodowego \u015awi\u0119ta Niepodleg\u0142o\u015bci. Karta pierwsza"},"content":{"rendered":"<p>W ramach obchod\u00f3w zbli\u017caj\u0105cej si\u0119 rocznicy odzyskania przez Polsk\u0119 Niepodleg\u0142o\u015bci, przygotowali\u015bmy seri\u0119 okoliczno\u015bciowych kart edukacyjnych.<!--more--><br \/>\nOto pierwsza z nich. Nast\u0119pne karty z tego cyklu b\u0119dziemy dodawa\u0107 w kolejnych dniach. Zach\u0119camy do wsp\u00f3lnej zabawy poprzez rozwi\u0105zywanie zada\u0144.<\/p>\n<p>&nbsp;<\/p>\n<p>Karta:&nbsp; <a href=\"https:\/\/muzeum.ostroleka.pl\/wp-content\/uploads\/2020\/11\/11-listopada-2020-karta_1.zip\">pobierz<\/a><\/p>\n","protected":false},"excerpt":{"rendered":"<p>W ramach obchod\u00f3w zbli\u017caj\u0105cej si\u0119 rocznicy odzyskania przez Polsk\u0119 Niepodleg\u0142o\u015bci, przygotowali\u015bmy seri\u0119 okoliczno\u015bciowych kart edukacyjnych.<\/p>\n","protected":false},"author":3,"featured_media":4945,"comment_status":"closed","ping_status":"closed","sticky":false,"template":"","format":"standard","meta":{"_acf_changed":false,"_lmt_disableupdate":"","_lmt_disable":"","_monsterinsights_skip_tracking":false,"_monsterinsights_sitenote_active":false,"_monsterinsights_sitenote_note":"","_monsterinsights_sitenote_category":0,"ngg_post_thumbnail":0,"footnotes":""},"categories":[3,55],"tags":[],"class_list":["post-4959","post","type-post","status-publish","format-standard","has-post-thumbnail","hentry","category-aktualnosci","category-wirtualne-muzeum"],"acf":[],"modified_by":"Daniel Go\u0142a\u015b","_links":{"self":[{"href":"https:\/\/muzeum.ostroleka.pl\/index.php?rest_route=\/wp\/v2\/posts\/4959","targetHints":{"allow":["GET"]}}],"collection":[{"href":"https:\/\/muzeum.ostroleka.pl\/index.php?rest_route=\/wp\/v2\/posts"}],"about":[{"href":"https:\/\/muzeum.ostroleka.pl\/index.php?rest_route=\/wp\/v2\/types\/post"}],"author":[{"embeddable":true,"href":"https:\/\/muzeum.ostroleka.pl\/index.php?rest_route=\/wp\/v2\/users\/3"}],"replies":[{"embeddable":true,"href":"https:\/\/muzeum.ostroleka.pl\/index.php?rest_route=%2Fwp%2Fv2%2Fcomments&post=4959"}],"version-history":[{"count":14,"href":"https:\/\/muzeum.ostroleka.pl\/index.php?rest_route=\/wp\/v2\/posts\/4959\/revisions"}],"predecessor-version":[{"id":4987,"href":"https:\/\/muzeum.ostroleka.pl\/index.php?rest_route=\/wp\/v2\/posts\/4959\/revisions\/4987"}],"wp:featuredmedia":[{"embeddable":true,"href":"https:\/\/muzeum.ostroleka.pl\/index.php?rest_route=\/wp\/v2\/media\/4945"}],"wp:attachment":[{"href":"https:\/\/muzeum.ostroleka.pl\/index.php?rest_route=%2Fwp%2Fv2%2Fmedia&parent=4959"}],"wp:term":[{"taxonomy":"category","embeddable":true,"href":"https:\/\/muzeum.ostroleka.pl\/index.php?rest_route=%2Fwp%2Fv2%2Fcategories&post=4959"},{"taxonomy":"post_tag","embeddable":true,"href":"https:\/\/muzeum.ostroleka.pl\/index.php?rest_route=%2Fwp%2Fv2%2Ftags&post=4959"}],"curies":[{"name":"wp","href":"https:\/\/api.w.org\/{rel}","templated":true}]}}