{"id":5335,"date":"2020-11-10T15:03:52","date_gmt":"2020-11-10T14:03:52","guid":{"rendered":"http:\/\/muzeum.ostroleka.pl\/?p=5335"},"modified":"2020-11-10T15:04:40","modified_gmt":"2020-11-10T14:04:40","slug":"karty-edukacyjne-z-okazji-zblizajacego-sie-narodowego-swieta-niepodleglosci-dzis-kilka-zadan-do-rozwiazania","status":"publish","type":"post","link":"https:\/\/muzeum.ostroleka.pl\/?p=5335","title":{"rendered":"Karty edukacyjne z okazji zbli\u017caj\u0105cego si\u0119 Narodowego \u015awi\u0119ta Niepodleg\u0142o\u015bci. Dzi\u015b kilka zada\u0144 do rozwi\u0105zania."},"content":{"rendered":"<p>Przedstawiamy kolejne karty edukacyjne. Z dzisiejszych kart mo\u017cna dowiedzie\u0107 si\u0119 kilku ciekawostek o marsza\u0142ku J\u00f3zefie Pi\u0142sudskim oraz rozwi\u0105za\u0107 nowe zadania.<!--more--><\/p>\n<p>&nbsp;<\/p>\n<p>Karty:&nbsp; <a href=\"https:\/\/muzeum.ostroleka.pl\/wp-content\/uploads\/2020\/11\/11-listopada-2020-karta_5.zip\">pobierz<\/a><\/p>\n","protected":false},"excerpt":{"rendered":"<p>Przedstawiamy kolejne karty edukacyjne. Z dzisiejszych kart mo\u017cna dowiedzie\u0107 si\u0119 kilku ciekawostek o marsza\u0142ku J\u00f3zefie Pi\u0142sudskim oraz rozwi\u0105za\u0107 nowe zadania.<\/p>\n","protected":false},"author":3,"featured_media":4945,"comment_status":"closed","ping_status":"closed","sticky":false,"template":"","format":"standard","meta":{"_acf_changed":false,"_lmt_disableupdate":"","_lmt_disable":"","_monsterinsights_skip_tracking":false,"_monsterinsights_sitenote_active":false,"_monsterinsights_sitenote_note":"","_monsterinsights_sitenote_category":0,"ngg_post_thumbnail":0,"footnotes":""},"categories":[3,55],"tags":[],"class_list":["post-5335","post","type-post","status-publish","format-standard","has-post-thumbnail","hentry","category-aktualnosci","category-wirtualne-muzeum"],"acf":[],"modified_by":"Daniel Go\u0142a\u015b","_links":{"self":[{"href":"https:\/\/muzeum.ostroleka.pl\/index.php?rest_route=\/wp\/v2\/posts\/5335","targetHints":{"allow":["GET"]}}],"collection":[{"href":"https:\/\/muzeum.ostroleka.pl\/index.php?rest_route=\/wp\/v2\/posts"}],"about":[{"href":"https:\/\/muzeum.ostroleka.pl\/index.php?rest_route=\/wp\/v2\/types\/post"}],"author":[{"embeddable":true,"href":"https:\/\/muzeum.ostroleka.pl\/index.php?rest_route=\/wp\/v2\/users\/3"}],"replies":[{"embeddable":true,"href":"https:\/\/muzeum.ostroleka.pl\/index.php?rest_route=%2Fwp%2Fv2%2Fcomments&post=5335"}],"version-history":[{"count":2,"href":"https:\/\/muzeum.ostroleka.pl\/index.php?rest_route=\/wp\/v2\/posts\/5335\/revisions"}],"predecessor-version":[{"id":5338,"href":"https:\/\/muzeum.ostroleka.pl\/index.php?rest_route=\/wp\/v2\/posts\/5335\/revisions\/5338"}],"wp:featuredmedia":[{"embeddable":true,"href":"https:\/\/muzeum.ostroleka.pl\/index.php?rest_route=\/wp\/v2\/media\/4945"}],"wp:attachment":[{"href":"https:\/\/muzeum.ostroleka.pl\/index.php?rest_route=%2Fwp%2Fv2%2Fmedia&parent=5335"}],"wp:term":[{"taxonomy":"category","embeddable":true,"href":"https:\/\/muzeum.ostroleka.pl\/index.php?rest_route=%2Fwp%2Fv2%2Fcategories&post=5335"},{"taxonomy":"post_tag","embeddable":true,"href":"https:\/\/muzeum.ostroleka.pl\/index.php?rest_route=%2Fwp%2Fv2%2Ftags&post=5335"}],"curies":[{"name":"wp","href":"https:\/\/api.w.org\/{rel}","templated":true}]}}