{"id":5352,"date":"2020-11-11T12:06:31","date_gmt":"2020-11-11T11:06:31","guid":{"rendered":"http:\/\/muzeum.ostroleka.pl\/?p=5352"},"modified":"2020-11-12T12:46:43","modified_gmt":"2020-11-12T11:46:43","slug":"wyklad-droga-do-niepodleglosci-2","status":"publish","type":"post","link":"https:\/\/muzeum.ostroleka.pl\/?p=5352","title":{"rendered":"Wyk\u0142ad \u201eDroga do niepodleg\u0142o\u015bci\u201d"},"content":{"rendered":"<p>Dzi\u015b \u015bwi\u0119tujemy 102. rocznic\u0119 odzyskania przez Polsk\u0119 niepodleg\u0142o\u015bci po 123 latach zabor\u00f3w. Z tej okazji prezentujemy wyk\u0142ad \u201eDroga do niepodleg\u0142o\u015bci\u201d.<!--more--><\/p>\n<p>&nbsp;<\/p>\n<p><iframe loading=\"lazy\" title=\"Wyk\u0142ad \u201eDroga do niepodleg\u0142o\u015bci\u201d\" width=\"500\" height=\"281\" src=\"https:\/\/www.youtube.com\/embed\/Q3obnZa_ulk?feature=oembed\" frameborder=\"0\" allow=\"accelerometer; autoplay; clipboard-write; encrypted-media; gyroscope; picture-in-picture; web-share\" referrerpolicy=\"strict-origin-when-cross-origin\" allowfullscreen><\/iframe><\/p>\n","protected":false},"excerpt":{"rendered":"<p>Dzi\u015b \u015bwi\u0119tujemy 102. rocznic\u0119 odzyskania przez Polsk\u0119 niepodleg\u0142o\u015bci po 123 latach zabor\u00f3w. Z tej okazji prezentujemy wyk\u0142ad \u201eDroga do niepodleg\u0142o\u015bci\u201d.<\/p>\n","protected":false},"author":3,"featured_media":5370,"comment_status":"closed","ping_status":"closed","sticky":false,"template":"","format":"standard","meta":{"_acf_changed":false,"_lmt_disableupdate":"","_lmt_disable":"","_monsterinsights_skip_tracking":false,"_monsterinsights_sitenote_active":false,"_monsterinsights_sitenote_note":"","_monsterinsights_sitenote_category":0,"ngg_post_thumbnail":0,"footnotes":""},"categories":[3,55],"tags":[],"class_list":["post-5352","post","type-post","status-publish","format-standard","has-post-thumbnail","hentry","category-aktualnosci","category-wirtualne-muzeum"],"acf":[],"modified_by":"Daniel Go\u0142a\u015b","_links":{"self":[{"href":"https:\/\/muzeum.ostroleka.pl\/index.php?rest_route=\/wp\/v2\/posts\/5352","targetHints":{"allow":["GET"]}}],"collection":[{"href":"https:\/\/muzeum.ostroleka.pl\/index.php?rest_route=\/wp\/v2\/posts"}],"about":[{"href":"https:\/\/muzeum.ostroleka.pl\/index.php?rest_route=\/wp\/v2\/types\/post"}],"author":[{"embeddable":true,"href":"https:\/\/muzeum.ostroleka.pl\/index.php?rest_route=\/wp\/v2\/users\/3"}],"replies":[{"embeddable":true,"href":"https:\/\/muzeum.ostroleka.pl\/index.php?rest_route=%2Fwp%2Fv2%2Fcomments&post=5352"}],"version-history":[{"count":3,"href":"https:\/\/muzeum.ostroleka.pl\/index.php?rest_route=\/wp\/v2\/posts\/5352\/revisions"}],"predecessor-version":[{"id":5372,"href":"https:\/\/muzeum.ostroleka.pl\/index.php?rest_route=\/wp\/v2\/posts\/5352\/revisions\/5372"}],"wp:featuredmedia":[{"embeddable":true,"href":"https:\/\/muzeum.ostroleka.pl\/index.php?rest_route=\/wp\/v2\/media\/5370"}],"wp:attachment":[{"href":"https:\/\/muzeum.ostroleka.pl\/index.php?rest_route=%2Fwp%2Fv2%2Fmedia&parent=5352"}],"wp:term":[{"taxonomy":"category","embeddable":true,"href":"https:\/\/muzeum.ostroleka.pl\/index.php?rest_route=%2Fwp%2Fv2%2Fcategories&post=5352"},{"taxonomy":"post_tag","embeddable":true,"href":"https:\/\/muzeum.ostroleka.pl\/index.php?rest_route=%2Fwp%2Fv2%2Ftags&post=5352"}],"curies":[{"name":"wp","href":"https:\/\/api.w.org\/{rel}","templated":true}]}}