{"id":5362,"date":"2020-11-12T12:36:31","date_gmt":"2020-11-12T11:36:31","guid":{"rendered":"http:\/\/muzeum.ostroleka.pl\/?p=5362"},"modified":"2020-11-12T12:47:17","modified_gmt":"2020-11-12T11:47:17","slug":"wyklad-11-12-listopada-1918-wydarzenia-w-ostrolece","status":"publish","type":"post","link":"https:\/\/muzeum.ostroleka.pl\/?p=5362","title":{"rendered":"Wyk\u0142ad \u201e11\u201312 listopada 1918. Wydarzenia w Ostro\u0142\u0119ce\u201d"},"content":{"rendered":"<p>W dniu dzisiejszym chcieliby\u015bmy zaprezentowa\u0107 wyk\u0142ad, kt\u00f3ry przybli\u017cy Pa\u0144stwu wydarzenia jakie mia\u0142y miejsce w Ostro\u0142\u0119ce w dniach 11 i 12 listopada 1918 r.<!--more--><\/p>\n<p>&nbsp;<\/p>\n<p><iframe loading=\"lazy\" title=\"Wyk\u0142ad \u201e11\u201312 listopada 1918. Wydarzenia w Ostro\u0142\u0119ce\u201d\" width=\"500\" height=\"281\" src=\"https:\/\/www.youtube.com\/embed\/XGkOf0i05n4?feature=oembed\" frameborder=\"0\" allow=\"accelerometer; autoplay; clipboard-write; encrypted-media; gyroscope; picture-in-picture; web-share\" referrerpolicy=\"strict-origin-when-cross-origin\" allowfullscreen><\/iframe><\/p>\n","protected":false},"excerpt":{"rendered":"<p>W dniu dzisiejszym chcieliby\u015bmy zaprezentowa\u0107 wyk\u0142ad, kt\u00f3ry przybli\u017cy Pa\u0144stwu wydarzenia jakie mia\u0142y miejsce w Ostro\u0142\u0119ce w dniach 11 i 12 listopada 1918 r.<\/p>\n","protected":false},"author":3,"featured_media":5371,"comment_status":"closed","ping_status":"closed","sticky":false,"template":"","format":"standard","meta":{"_acf_changed":false,"_lmt_disableupdate":"","_lmt_disable":"","_monsterinsights_skip_tracking":false,"_monsterinsights_sitenote_active":false,"_monsterinsights_sitenote_note":"","_monsterinsights_sitenote_category":0,"ngg_post_thumbnail":0,"footnotes":""},"categories":[3,55],"tags":[],"class_list":["post-5362","post","type-post","status-publish","format-standard","has-post-thumbnail","hentry","category-aktualnosci","category-wirtualne-muzeum"],"acf":[],"modified_by":"Daniel Go\u0142a\u015b","_links":{"self":[{"href":"https:\/\/muzeum.ostroleka.pl\/index.php?rest_route=\/wp\/v2\/posts\/5362","targetHints":{"allow":["GET"]}}],"collection":[{"href":"https:\/\/muzeum.ostroleka.pl\/index.php?rest_route=\/wp\/v2\/posts"}],"about":[{"href":"https:\/\/muzeum.ostroleka.pl\/index.php?rest_route=\/wp\/v2\/types\/post"}],"author":[{"embeddable":true,"href":"https:\/\/muzeum.ostroleka.pl\/index.php?rest_route=\/wp\/v2\/users\/3"}],"replies":[{"embeddable":true,"href":"https:\/\/muzeum.ostroleka.pl\/index.php?rest_route=%2Fwp%2Fv2%2Fcomments&post=5362"}],"version-history":[{"count":2,"href":"https:\/\/muzeum.ostroleka.pl\/index.php?rest_route=\/wp\/v2\/posts\/5362\/revisions"}],"predecessor-version":[{"id":5365,"href":"https:\/\/muzeum.ostroleka.pl\/index.php?rest_route=\/wp\/v2\/posts\/5362\/revisions\/5365"}],"wp:featuredmedia":[{"embeddable":true,"href":"https:\/\/muzeum.ostroleka.pl\/index.php?rest_route=\/wp\/v2\/media\/5371"}],"wp:attachment":[{"href":"https:\/\/muzeum.ostroleka.pl\/index.php?rest_route=%2Fwp%2Fv2%2Fmedia&parent=5362"}],"wp:term":[{"taxonomy":"category","embeddable":true,"href":"https:\/\/muzeum.ostroleka.pl\/index.php?rest_route=%2Fwp%2Fv2%2Fcategories&post=5362"},{"taxonomy":"post_tag","embeddable":true,"href":"https:\/\/muzeum.ostroleka.pl\/index.php?rest_route=%2Fwp%2Fv2%2Ftags&post=5362"}],"curies":[{"name":"wp","href":"https:\/\/api.w.org\/{rel}","templated":true}]}}