{"id":5401,"date":"2020-11-16T15:40:42","date_gmt":"2020-11-16T14:40:42","guid":{"rendered":"http:\/\/muzeum.ostroleka.pl\/?p=5401"},"modified":"2020-11-16T15:57:24","modified_gmt":"2020-11-16T14:57:24","slug":"konkurs-fotograficzny-pod-haslem-ciekawe-miejsca-ostroleki-i-okolic-powiatu-w-obiektywie","status":"publish","type":"post","link":"https:\/\/muzeum.ostroleka.pl\/?p=5401","title":{"rendered":"Konkurs fotograficzny pod has\u0142em \u201eCiekawe miejsca Ostro\u0142\u0119ki i okolic Powiatu w obiektywie\u201d"},"content":{"rendered":"<p style=\"text-align: justify;\">II Spo\u0142eczne Liceum Og\u00f3lnokszta\u0142c\u0105ce im. Toniego Halika w Ostro\u0142\u0119ce zorganizowa\u0142o konkurs pod has\u0142em \u201eCiekawe miejsca Ostro\u0142\u0119ki i okolic Powiatu w obiektywie\u201d. Wsp\u00f3\u0142organizatorem i patronem zostali: Starostwo Ostro\u0142\u0119ckie oraz Muzeum Kultury Kurpiowskiej. Patronat medialny Redakcja eOstro\u0142\u0119ka.<!--more--> Udzia\u0142 w nim wzi\u0105\u0107 mog\u0105 zar\u00f3wno doro\u015bli jak i dzieci w wieku od 7 lat. Celem konkursu jest m.in. zarejestrowanie urok\u00f3w miasta i okolic, ostro\u0142\u0119ckiej przyrody i architektury a tak\u017ce mieszka\u0144c\u00f3w (jako spo\u0142ecze\u0144stwa i ich dzia\u0142ania, uwra\u017cliwienie spo\u0142eczno\u015bci lokalnej na pi\u0119kno przyrody i architektury, zach\u0119cenie do poznawania okolicznych teren\u00f3w.<\/p>\n<p style=\"text-align: justify;\">Jury konkursowe b\u0119dzie mia\u0142o nie\u0142atwe zadanie. Spo\u015br\u00f3d nades\u0142anych na konkurs prac jurorzy b\u0119d\u0105 musieli wy\u0142oni\u0107 fotografie najlepiej odzwierciedlaj\u0105ce pi\u0119kno Ostro\u0142\u0119ki i okolic w spos\u00f3b promuj\u0105cy walory architektoniczne i przyrodnicze zar\u00f3wno miasta jak i powiatu.<\/p>\n<p style=\"text-align: justify;\">Konkurs dedykowany jest do dzieci i m\u0142odzie\u017cy oraz doros\u0142ych mieszka\u0144c\u00f3w Ostro\u0142\u0119ki i okolic. Fotografie zg\u0142oszone do konkursu musz\u0105 by\u0107 wykonane w naszym mie\u015bcie lub najbli\u017cszej okolicy i nie mog\u0105 by\u0107 wcze\u015bniej nagradzane w jakichkolwiek konkursach.<\/p>\n<p>Regulamin do pobrania: <a href=\"https:\/\/muzeum.ostroleka.pl\/wp-content\/uploads\/2020\/11\/REGULAMIN-Ciekawe-miejsca-Ostroleki-i-okolic.pdf\">PDF<\/a><\/p>\n","protected":false},"excerpt":{"rendered":"<p>II Spo\u0142eczne Liceum Og\u00f3lnokszta\u0142c\u0105ce im. Toniego Halika w Ostro\u0142\u0119ce zorganizowa\u0142o konkurs pod has\u0142em \u201eCiekawe miejsca Ostro\u0142\u0119ki i okolic Powiatu w obiektywie\u201d. Wsp\u00f3\u0142organizatorem i patronem zostali: Starostwo Ostro\u0142\u0119ckie oraz Muzeum Kultury Kurpiowskiej. Patronat medialny Redakcja eOstro\u0142\u0119ka.<\/p>\n","protected":false},"author":3,"featured_media":5406,"comment_status":"closed","ping_status":"closed","sticky":false,"template":"","format":"standard","meta":{"_acf_changed":false,"_lmt_disableupdate":"","_lmt_disable":"","_monsterinsights_skip_tracking":false,"_monsterinsights_sitenote_active":false,"_monsterinsights_sitenote_note":"","_monsterinsights_sitenote_category":0,"ngg_post_thumbnail":0,"footnotes":""},"categories":[3],"tags":[],"class_list":["post-5401","post","type-post","status-publish","format-standard","has-post-thumbnail","hentry","category-aktualnosci"],"acf":[],"modified_by":"Daniel Go\u0142a\u015b","_links":{"self":[{"href":"https:\/\/muzeum.ostroleka.pl\/index.php?rest_route=\/wp\/v2\/posts\/5401","targetHints":{"allow":["GET"]}}],"collection":[{"href":"https:\/\/muzeum.ostroleka.pl\/index.php?rest_route=\/wp\/v2\/posts"}],"about":[{"href":"https:\/\/muzeum.ostroleka.pl\/index.php?rest_route=\/wp\/v2\/types\/post"}],"author":[{"embeddable":true,"href":"https:\/\/muzeum.ostroleka.pl\/index.php?rest_route=\/wp\/v2\/users\/3"}],"replies":[{"embeddable":true,"href":"https:\/\/muzeum.ostroleka.pl\/index.php?rest_route=%2Fwp%2Fv2%2Fcomments&post=5401"}],"version-history":[{"count":2,"href":"https:\/\/muzeum.ostroleka.pl\/index.php?rest_route=\/wp\/v2\/posts\/5401\/revisions"}],"predecessor-version":[{"id":5407,"href":"https:\/\/muzeum.ostroleka.pl\/index.php?rest_route=\/wp\/v2\/posts\/5401\/revisions\/5407"}],"wp:featuredmedia":[{"embeddable":true,"href":"https:\/\/muzeum.ostroleka.pl\/index.php?rest_route=\/wp\/v2\/media\/5406"}],"wp:attachment":[{"href":"https:\/\/muzeum.ostroleka.pl\/index.php?rest_route=%2Fwp%2Fv2%2Fmedia&parent=5401"}],"wp:term":[{"taxonomy":"category","embeddable":true,"href":"https:\/\/muzeum.ostroleka.pl\/index.php?rest_route=%2Fwp%2Fv2%2Fcategories&post=5401"},{"taxonomy":"post_tag","embeddable":true,"href":"https:\/\/muzeum.ostroleka.pl\/index.php?rest_route=%2Fwp%2Fv2%2Ftags&post=5401"}],"curies":[{"name":"wp","href":"https:\/\/api.w.org\/{rel}","templated":true}]}}