{"id":5507,"date":"2020-11-29T10:30:59","date_gmt":"2020-11-29T09:30:59","guid":{"rendered":"http:\/\/muzeum.ostroleka.pl\/?p=5507"},"modified":"2022-12-29T10:11:07","modified_gmt":"2022-12-29T09:11:07","slug":"wystawa-ostroleka-i-kurpie-w-powstaniu-listopadowym","status":"publish","type":"post","link":"https:\/\/muzeum.ostroleka.pl\/?p=5507","title":{"rendered":"Wystawa \u201eOstro\u0142\u0119ka i Kurpie w powstaniu listopadowym&#8221;"},"content":{"rendered":"<p style=\"text-align: justify;\">W dniu dzisiejszym przypada 190. rocznica wybuchu powstania listopadowego. Chc\u0105c uczci\u0107 to wa\u017cne wydarzenie przygotowali\u015bmy wystaw\u0119 planszow\u0105, kt\u00f3ra nosi tytu\u0142 &#8222;Ostro\u0142\u0119ka i Kurpie w powstaniu listopadowym&#8221;.<!--more--> Wystaw\u0119 t\u0119 prezentujemy Pa\u0144stwu w formie online, natomiast gdy poprawi si\u0119 sytuacja zwi\u0105zana z zagro\u017ceniem COVID-19, ekspozycj\u0119 b\u0119dzie mo\u017cna obejrze\u0107 osobi\u015bcie w Pomniku Mauzoleum.<\/p>\n<p>&nbsp;<\/p>\n<p>&nbsp;<\/p>\n<p>Plansze w formacie PDF: <a href=\"https:\/\/muzeum.ostroleka.pl\/wp-content\/uploads\/2020\/11\/Ostroleka_i_Kurpie_w_powstaniu_listopadowym.pdf\">pobierz<\/a><\/p>\nngg_shortcode_0_placeholder\n","protected":false},"excerpt":{"rendered":"<p>W dniu dzisiejszym przypada 190. rocznica wybuchu powstania listopadowego. Chc\u0105c uczci\u0107 to wa\u017cne wydarzenie przygotowali\u015bmy wystaw\u0119 planszow\u0105, kt\u00f3ra nosi tytu\u0142 &#8222;Ostro\u0142\u0119ka i Kurpie w powstaniu listopadowym&#8221;.<\/p>\n","protected":false},"author":3,"featured_media":5524,"comment_status":"closed","ping_status":"closed","sticky":false,"template":"","format":"standard","meta":{"_acf_changed":false,"_lmt_disableupdate":"","_lmt_disable":"","_monsterinsights_skip_tracking":false,"_monsterinsights_sitenote_active":false,"_monsterinsights_sitenote_note":"","_monsterinsights_sitenote_category":0,"ngg_post_thumbnail":0,"footnotes":""},"categories":[3,55,53],"tags":[],"class_list":["post-5507","post","type-post","status-publish","format-standard","has-post-thumbnail","hentry","category-aktualnosci","category-wirtualne-muzeum","category-wystawy-czasowe-archiwalne"],"acf":[],"modified_by":"Daniel Go\u0142a\u015b","_links":{"self":[{"href":"https:\/\/muzeum.ostroleka.pl\/index.php?rest_route=\/wp\/v2\/posts\/5507","targetHints":{"allow":["GET"]}}],"collection":[{"href":"https:\/\/muzeum.ostroleka.pl\/index.php?rest_route=\/wp\/v2\/posts"}],"about":[{"href":"https:\/\/muzeum.ostroleka.pl\/index.php?rest_route=\/wp\/v2\/types\/post"}],"author":[{"embeddable":true,"href":"https:\/\/muzeum.ostroleka.pl\/index.php?rest_route=\/wp\/v2\/users\/3"}],"replies":[{"embeddable":true,"href":"https:\/\/muzeum.ostroleka.pl\/index.php?rest_route=%2Fwp%2Fv2%2Fcomments&post=5507"}],"version-history":[{"count":5,"href":"https:\/\/muzeum.ostroleka.pl\/index.php?rest_route=\/wp\/v2\/posts\/5507\/revisions"}],"predecessor-version":[{"id":5542,"href":"https:\/\/muzeum.ostroleka.pl\/index.php?rest_route=\/wp\/v2\/posts\/5507\/revisions\/5542"}],"wp:featuredmedia":[{"embeddable":true,"href":"https:\/\/muzeum.ostroleka.pl\/index.php?rest_route=\/wp\/v2\/media\/5524"}],"wp:attachment":[{"href":"https:\/\/muzeum.ostroleka.pl\/index.php?rest_route=%2Fwp%2Fv2%2Fmedia&parent=5507"}],"wp:term":[{"taxonomy":"category","embeddable":true,"href":"https:\/\/muzeum.ostroleka.pl\/index.php?rest_route=%2Fwp%2Fv2%2Fcategories&post=5507"},{"taxonomy":"post_tag","embeddable":true,"href":"https:\/\/muzeum.ostroleka.pl\/index.php?rest_route=%2Fwp%2Fv2%2Ftags&post=5507"}],"curies":[{"name":"wp","href":"https:\/\/api.w.org\/{rel}","templated":true}]}}