{"id":5550,"date":"2020-12-02T14:53:38","date_gmt":"2020-12-02T13:53:38","guid":{"rendered":"http:\/\/muzeum.ostroleka.pl\/?p=5550"},"modified":"2020-12-02T14:53:38","modified_gmt":"2020-12-02T13:53:38","slug":"ograniczenie-dzialalnosci-instytucji-kultury-zostalo-przedluzone","status":"publish","type":"post","link":"https:\/\/muzeum.ostroleka.pl\/?p=5550","title":{"rendered":"Ograniczenie dzia\u0142alno\u015bci instytucji kultury zosta\u0142o przed\u0142u\u017cone"},"content":{"rendered":"<p style=\"text-align: justify;\">W zwi\u0105zku z Rozporz\u0105dzeniem Rady Ministr\u00f3w z dnia 26 listopada 2020 r. w sprawie ustanowienia okre\u015blonych ogranicze\u0144, nakaz\u00f3w i zakaz\u00f3w w zwi\u0105zku z wyst\u0105pieniem stanu epidemii (Dz. U. RP z dnia 26 listopada 2020 r. poz. 2091) przed\u0142u\u017caj\u0105cym ograniczenie dzia\u0142alno\u015bci instytucji kultury do 27 grudnia 2020 r. uprzejmie informujemy, \u017ce Muzeum Kultury Kurpiowskiej w Ostro\u0142\u0119ce przy pl. gen. J. Bema 8, Pomnik Mauzoleum przy ul. Warszawskiej 2A w Ostro\u0142\u0119ce oraz Zagroda Kurpiowska w Kadzidle przy ul. Trasa Mazurska 1B b\u0119d\u0105 nieczynne dla zwiedzaj\u0105cych do dnia 27 grudnia 2020 r.<!--more--><\/p>\n","protected":false},"excerpt":{"rendered":"<p>W zwi\u0105zku z Rozporz\u0105dzeniem Rady Ministr\u00f3w z dnia 26 listopada 2020 r. w sprawie ustanowienia okre\u015blonych ogranicze\u0144, nakaz\u00f3w i zakaz\u00f3w w zwi\u0105zku z wyst\u0105pieniem stanu epidemii (Dz. U. RP z dnia 26 listopada 2020 r. poz. 2091) przed\u0142u\u017caj\u0105cym ograniczenie dzia\u0142alno\u015bci instytucji kultury do 27 grudnia 2020 r. uprzejmie informujemy, \u017ce Muzeum Kultury Kurpiowskiej w Ostro\u0142\u0119ce [&hellip;]<\/p>\n","protected":false},"author":3,"featured_media":2502,"comment_status":"closed","ping_status":"closed","sticky":false,"template":"","format":"standard","meta":{"_acf_changed":false,"_lmt_disableupdate":"","_lmt_disable":"","_monsterinsights_skip_tracking":false,"_monsterinsights_sitenote_active":false,"_monsterinsights_sitenote_note":"","_monsterinsights_sitenote_category":0,"ngg_post_thumbnail":0,"footnotes":""},"categories":[3],"tags":[],"class_list":["post-5550","post","type-post","status-publish","format-standard","has-post-thumbnail","hentry","category-aktualnosci"],"acf":[],"modified_by":"Daniel Go\u0142a\u015b","_links":{"self":[{"href":"https:\/\/muzeum.ostroleka.pl\/index.php?rest_route=\/wp\/v2\/posts\/5550","targetHints":{"allow":["GET"]}}],"collection":[{"href":"https:\/\/muzeum.ostroleka.pl\/index.php?rest_route=\/wp\/v2\/posts"}],"about":[{"href":"https:\/\/muzeum.ostroleka.pl\/index.php?rest_route=\/wp\/v2\/types\/post"}],"author":[{"embeddable":true,"href":"https:\/\/muzeum.ostroleka.pl\/index.php?rest_route=\/wp\/v2\/users\/3"}],"replies":[{"embeddable":true,"href":"https:\/\/muzeum.ostroleka.pl\/index.php?rest_route=%2Fwp%2Fv2%2Fcomments&post=5550"}],"version-history":[{"count":3,"href":"https:\/\/muzeum.ostroleka.pl\/index.php?rest_route=\/wp\/v2\/posts\/5550\/revisions"}],"predecessor-version":[{"id":5553,"href":"https:\/\/muzeum.ostroleka.pl\/index.php?rest_route=\/wp\/v2\/posts\/5550\/revisions\/5553"}],"wp:featuredmedia":[{"embeddable":true,"href":"https:\/\/muzeum.ostroleka.pl\/index.php?rest_route=\/wp\/v2\/media\/2502"}],"wp:attachment":[{"href":"https:\/\/muzeum.ostroleka.pl\/index.php?rest_route=%2Fwp%2Fv2%2Fmedia&parent=5550"}],"wp:term":[{"taxonomy":"category","embeddable":true,"href":"https:\/\/muzeum.ostroleka.pl\/index.php?rest_route=%2Fwp%2Fv2%2Fcategories&post=5550"},{"taxonomy":"post_tag","embeddable":true,"href":"https:\/\/muzeum.ostroleka.pl\/index.php?rest_route=%2Fwp%2Fv2%2Ftags&post=5550"}],"curies":[{"name":"wp","href":"https:\/\/api.w.org\/{rel}","templated":true}]}}