{"id":5554,"date":"2020-12-03T10:00:55","date_gmt":"2020-12-03T09:00:55","guid":{"rendered":"http:\/\/muzeum.ostroleka.pl\/?p=5554"},"modified":"2021-01-18T10:04:03","modified_gmt":"2021-01-18T09:04:03","slug":"albert-alik-ali-szwolezer","status":"publish","type":"post","link":"https:\/\/muzeum.ostroleka.pl\/?p=5554","title":{"rendered":"\u201eAlbert, Alik, Ali Szwole\u017cer\u201d"},"content":{"rendered":"<p style=\"text-align: justify;\">Jest to rzecz o Albercie Wojciechowskim (1910\u20131968), synu Aleksandra na Omulewie i Eufemii z Jaworowskich, prawnuku Marcina i bratanku Adama, uczniu 8-klasowego Gimnazjum Pa\u0144stwowego im. Kr\u00f3la Stanis\u0142awa Leszczy\u0144skiego w Ostro\u0142\u0119ce, absolwencie Szko\u0142y Podchor\u0105\u017cych Kawalerii w Grudzi\u0105dzu, rotmistrzu 2. Pu\u0142ku Szwole\u017cer\u00f3w Rokitnia\u0144skich, dow\u00f3dcy 3. szwadronu tego pu\u0142ku, uczestniku kampanii wrze\u015bniowej \u2013 bitwy nad Bzur\u0105 i obro\u0144cy Warszawy, mi\u0142o\u015bniku je\u017adziectwa z baga\u017cem wa\u017cnych nagr\u00f3d i instruktorze jazdy konnej, kandydacie do reprezentacji olimpijskiej w Helsinkach 1940 roku, wi\u0119\u017aniu oflag\u00f3w, s\u0119dzim w Polskim Zwi\u0105zku Je\u017adzieckim, trenerze WKS \u201eLotnik\u201d, wsp\u00f3\u0142autorze \u201ePrzepis\u00f3w je\u017adzieckich\u201d.<!--more--> To wszystko w drugim, jeszcze ciep\u0142ym, wydaniu wspomnie\u0144 \u201eAlbert, Alik, Ali Szwole\u017cer\u201d, opracowanych przez syna Alberta \u2013 Bohdana Wojciechowskiego przy wsp\u00f3\u0142pracy Zbigniewa Cybulskiego. Ksi\u0105\u017ck\u0119 utkan\u0105 ze wspomnie\u0144 ofiarowa\u0142 do zbior\u00f3w bibliotecznych MKK g\u0142\u00f3wny jej autor, stoj\u0105cy na stra\u017cy omulewskich w\u0142o\u015bci. Podpinamy j\u0105 awansem pod miko\u0142ajkowy prezent i dzi\u0119kujemy uprzejmie.<\/p>\nngg_shortcode_0_placeholder\n","protected":false},"excerpt":{"rendered":"<p>Jest to rzecz o Albercie Wojciechowskim (1910\u20131968), synu Aleksandra na Omulewie i Eufemii z Jaworowskich, prawnuku Marcina i bratanku Adama, uczniu 8-klasowego Gimnazjum Pa\u0144stwowego im. Kr\u00f3la Stanis\u0142awa Leszczy\u0144skiego w Ostro\u0142\u0119ce, absolwencie Szko\u0142y Podchor\u0105\u017cych Kawalerii w Grudzi\u0105dzu, rotmistrzu 2. Pu\u0142ku Szwole\u017cer\u00f3w Rokitnia\u0144skich, dow\u00f3dcy 3. szwadronu tego pu\u0142ku, uczestniku kampanii wrze\u015bniowej \u2013 bitwy nad Bzur\u0105 i obro\u0144cy [&hellip;]<\/p>\n","protected":false},"author":3,"featured_media":5558,"comment_status":"closed","ping_status":"closed","sticky":false,"template":"","format":"standard","meta":{"_acf_changed":false,"_lmt_disableupdate":"","_lmt_disable":"","_monsterinsights_skip_tracking":false,"_monsterinsights_sitenote_active":false,"_monsterinsights_sitenote_note":"","_monsterinsights_sitenote_category":0,"ngg_post_thumbnail":0,"footnotes":""},"categories":[3,55],"tags":[],"class_list":["post-5554","post","type-post","status-publish","format-standard","has-post-thumbnail","hentry","category-aktualnosci","category-wirtualne-muzeum"],"acf":[],"modified_by":"Daniel Go\u0142a\u015b","_links":{"self":[{"href":"https:\/\/muzeum.ostroleka.pl\/index.php?rest_route=\/wp\/v2\/posts\/5554","targetHints":{"allow":["GET"]}}],"collection":[{"href":"https:\/\/muzeum.ostroleka.pl\/index.php?rest_route=\/wp\/v2\/posts"}],"about":[{"href":"https:\/\/muzeum.ostroleka.pl\/index.php?rest_route=\/wp\/v2\/types\/post"}],"author":[{"embeddable":true,"href":"https:\/\/muzeum.ostroleka.pl\/index.php?rest_route=\/wp\/v2\/users\/3"}],"replies":[{"embeddable":true,"href":"https:\/\/muzeum.ostroleka.pl\/index.php?rest_route=%2Fwp%2Fv2%2Fcomments&post=5554"}],"version-history":[{"count":2,"href":"https:\/\/muzeum.ostroleka.pl\/index.php?rest_route=\/wp\/v2\/posts\/5554\/revisions"}],"predecessor-version":[{"id":5560,"href":"https:\/\/muzeum.ostroleka.pl\/index.php?rest_route=\/wp\/v2\/posts\/5554\/revisions\/5560"}],"wp:featuredmedia":[{"embeddable":true,"href":"https:\/\/muzeum.ostroleka.pl\/index.php?rest_route=\/wp\/v2\/media\/5558"}],"wp:attachment":[{"href":"https:\/\/muzeum.ostroleka.pl\/index.php?rest_route=%2Fwp%2Fv2%2Fmedia&parent=5554"}],"wp:term":[{"taxonomy":"category","embeddable":true,"href":"https:\/\/muzeum.ostroleka.pl\/index.php?rest_route=%2Fwp%2Fv2%2Fcategories&post=5554"},{"taxonomy":"post_tag","embeddable":true,"href":"https:\/\/muzeum.ostroleka.pl\/index.php?rest_route=%2Fwp%2Fv2%2Ftags&post=5554"}],"curies":[{"name":"wp","href":"https:\/\/api.w.org\/{rel}","templated":true}]}}