{"id":5602,"date":"2020-12-06T11:03:44","date_gmt":"2020-12-06T10:03:44","guid":{"rendered":"http:\/\/muzeum.ostroleka.pl\/?p=5602"},"modified":"2020-12-06T11:03:44","modified_gmt":"2020-12-06T10:03:44","slug":"6-grudnia-wspomnienie-sw-mikolaja","status":"publish","type":"post","link":"https:\/\/muzeum.ostroleka.pl\/?p=5602","title":{"rendered":"6 grudnia &#8211; wspomnienie \u015bw. Miko\u0142aja"},"content":{"rendered":"<p style=\"text-align: justify;\">Dzi\u015b przypada wspomnienie \u015bw. Miko\u0142aja, nazywane te\u017c \u201emiko\u0142ajkami\u201d. Cho\u0107 dzisiejszy \u015bwiat cz\u0119sto przedstawia tego \u015bwi\u0119tego jako mi\u0142ego staruszka z bujn\u0105, siw\u0105 brod\u0105, odzianego w czerwony str\u00f3j i czapk\u0119 z pomponem, to w rzeczywisto\u015bci \u015bw. Miko\u0142aj by\u0142 biskupem i nosi\u0142 szaty zgodne ze swoim stanem duchownym. Miko\u0142aj urodzi\u0142 si\u0119 ok. 270 r. w miejscowo\u015bci Patara w Licji na terenie obecnej Turcji.<!--more--> Ju\u017c w dzieci\u0144stwie by\u0142 bardzo wra\u017cliwy na cierpienie innych. Podobnie jak jego rodzice, by\u0142 bardzo pobo\u017cny. Poniewa\u017c pochodzi\u0142 z zamo\u017cnej rodziny odziedziczy\u0142 spory maj\u0105tek, kt\u00f3rego nie zachowywa\u0142 wy\u0142\u0105cznie dla siebie, ale ch\u0119tnie dzieli\u0142 si\u0119 nim z bli\u017animi w potrzebie. Gdy zosta\u0142 biskupem Miry zas\u0142yn\u0105\u0142 ze swego dobrego serca, troskliwo\u015bci i wra\u017cliwo\u015bci na ludzk\u0105 krzywd\u0119. Jedna z legend opowiada o cz\u0142owieku, kt\u00f3ry popad\u0142 w n\u0119dz\u0119, przez co jego c\u00f3rkom grozi\u0142o zej\u015bcie na z\u0142\u0105 drog\u0119. Gdy dowiedzia\u0142 si\u0119 o tym biskup Miko\u0142aj, wrzuci\u0142 im przez okno pieni\u0105dze, kt\u00f3re pomog\u0142y owej rodzinie wyj\u015b\u0107 z biedy. Inna legenda m\u00f3wi o trzech rycerzach nies\u0142usznie skazanych na kar\u0119 \u015bmierci. Biskup dowiedziawszy si\u0119 o tym, uda\u0142 si\u0119 na miejsce wykonywania kary i gdy ujrza\u0142 kata trzymaj\u0105cego nad g\u0142owami m\u0142odzie\u0144c\u00f3w miecz, wytr\u0105ci\u0142 mu go z r\u0119ki i uratowa\u0142 skazanych. To jeszcze nie koniec tej opowie\u015bci. Okaza\u0142o si\u0119, \u017ce ci sami genera\u0142owie, kt\u00f3rzy wydali wyrok na trzech rycerzy w p\u00f3\u017aniejszym czasie sami zostali oskar\u017ceni o obraz\u0119 majestatu carskiego i aresztowani. Boj\u0105c si\u0119, \u017ce mo\u017ce im grodzi\u0107 kara \u015bmierci, ale te\u017c pami\u0119taj\u0105c uratowanie rycerzy przez biskupa, zwracali si\u0119 do niego w modlitwie o pomoc. W konsekwencji tego \u015bw. Miko\u0142aj ukazuj\u0105c si\u0119 w nocy cesarzowi Konstantynowi nakaza\u0142 mu uwolnienie wi\u0119\u017ani\u00f3w.<\/p>\n<p style=\"text-align: justify;\">&nbsp;<\/p>\n<p style=\"text-align: justify;\">Fotografia tytu\u0142owa pochodzi archiwum MKK. Widnieje na niej obraz z wizerunkiem \u015bw. Miko\u0142aja znajduj\u0105cy si\u0119 w g\u00f3rnej cz\u0119\u015bci g\u0142\u00f3wnego o\u0142tarza w ko\u015bciele pw. Nawiedzenia Naj\u015bwi\u0119tszej Maryi Panny w Ostro\u0142\u0119ce. Parafia by\u0142a erygowana w 1399 roku z fundacji ksi\u0119cia Janusza I, a \u00f3wczesnym patronem parafii by\u0142 w\u0142a\u015bnie \u015bw. Miko\u0142aj.<\/p>\n<p style=\"text-align: justify;\">&nbsp;<\/p>\n<p style=\"text-align: justify;\">W 2000 roku w Muzeum Kultury Kurpiowskiej w Ostro\u0142\u0119ce prezentowana by\u0142a wystawa pt. \u201eTajemnice \u015awi\u0119tego Miko\u0142aja\u201d przedstawiaj\u0105ca r\u00f3\u017cne formy wizerunk\u00f3w oraz histori\u0119 biskupa. Ekspozycja zosta\u0142a przygotowana we wsp\u00f3\u0142pracy z Pa\u0144stwowym Muzeum Etnograficznym w Warszawie, a autork\u0105 scenariusza by\u0142a pani Teresa Lewi\u0144ska. Wystawie tej towarzyszy\u0142 konkurs plastyczny na projekt kartki \u015bwi\u0105tecznej. Najlepsze prace zosta\u0142y wydrukowane w formie poczt\u00f3wek.<\/p>\n\n\t\t<style type=\"text\/css\">\n\t\t\t#gallery-1 {\n\t\t\t\tmargin: auto;\n\t\t\t}\n\t\t\t#gallery-1 .gallery-item {\n\t\t\t\tfloat: left;\n\t\t\t\tmargin-top: 10px;\n\t\t\t\ttext-align: center;\n\t\t\t\twidth: 50%;\n\t\t\t}\n\t\t\t#gallery-1 img {\n\t\t\t\tborder: 2px solid #cfcfcf;\n\t\t\t}\n\t\t\t#gallery-1 .gallery-caption {\n\t\t\t\tmargin-left: 0;\n\t\t\t}\n\t\t\t\/* see gallery_shortcode() in wp-includes\/media.php *\/\n\t\t<\/style>\n\t\t<div id='gallery-1' class='gallery galleryid-5602 gallery-columns-2 gallery-size-medium'><dl class='gallery-item'>\n\t\t\t<dt class='gallery-icon landscape'>\n\t\t\t\t<a href='https:\/\/muzeum.ostroleka.pl\/wp-content\/uploads\/2020\/12\/fragment_wystawy_Tajemnice_Swietego_Mikolaja_2000-2001.jpg'><img loading=\"lazy\" decoding=\"async\" width=\"300\" height=\"208\" src=\"https:\/\/muzeum.ostroleka.pl\/wp-content\/uploads\/2020\/12\/fragment_wystawy_Tajemnice_Swietego_Mikolaja_2000-2001-300x208.jpg\" class=\"attachment-medium size-medium\" alt=\"Fragment wystawy pt. \u201eTajemnice \u015awi\u0119tego Miko\u0142aja\u201d\" aria-describedby=\"gallery-1-5586\" srcset=\"https:\/\/muzeum.ostroleka.pl\/wp-content\/uploads\/2020\/12\/fragment_wystawy_Tajemnice_Swietego_Mikolaja_2000-2001-300x208.jpg 300w, https:\/\/muzeum.ostroleka.pl\/wp-content\/uploads\/2020\/12\/fragment_wystawy_Tajemnice_Swietego_Mikolaja_2000-2001-1024x711.jpg 1024w, https:\/\/muzeum.ostroleka.pl\/wp-content\/uploads\/2020\/12\/fragment_wystawy_Tajemnice_Swietego_Mikolaja_2000-2001-768x533.jpg 768w, https:\/\/muzeum.ostroleka.pl\/wp-content\/uploads\/2020\/12\/fragment_wystawy_Tajemnice_Swietego_Mikolaja_2000-2001-500x347.jpg 500w, https:\/\/muzeum.ostroleka.pl\/wp-content\/uploads\/2020\/12\/fragment_wystawy_Tajemnice_Swietego_Mikolaja_2000-2001.jpg 1200w\" sizes=\"auto, (max-width: 300px) 100vw, 300px\" \/><\/a>\n\t\t\t<\/dt>\n\t\t\t\t<dd class='wp-caption-text gallery-caption' id='gallery-1-5586'>\n\t\t\t\tFragment wystawy pt. \u201eTajemnice \u015awi\u0119tego Miko\u0142aja\u201d.\n\t\t\t\t<\/dd><\/dl><dl class='gallery-item'>\n\t\t\t<dt class='gallery-icon landscape'>\n\t\t\t\t<a href='https:\/\/muzeum.ostroleka.pl\/wp-content\/uploads\/2020\/12\/fragment_wystawy_pokonkursowej_Konkurs_na_projekt_karty_swiatecznej_Tajemnice_Swietego-Mikolaja.jpg'><img loading=\"lazy\" decoding=\"async\" width=\"300\" height=\"204\" src=\"https:\/\/muzeum.ostroleka.pl\/wp-content\/uploads\/2020\/12\/fragment_wystawy_pokonkursowej_Konkurs_na_projekt_karty_swiatecznej_Tajemnice_Swietego-Mikolaja-300x204.jpg\" class=\"attachment-medium size-medium\" alt=\"Fragment wystawy pokonkursowej. Konkurs na projekt karty \u015bwi\u0105tecznej \u201eTajemnice \u015awi\u0119tego Miko\u0142aja\u201d\" aria-describedby=\"gallery-1-5585\" srcset=\"https:\/\/muzeum.ostroleka.pl\/wp-content\/uploads\/2020\/12\/fragment_wystawy_pokonkursowej_Konkurs_na_projekt_karty_swiatecznej_Tajemnice_Swietego-Mikolaja-300x204.jpg 300w, https:\/\/muzeum.ostroleka.pl\/wp-content\/uploads\/2020\/12\/fragment_wystawy_pokonkursowej_Konkurs_na_projekt_karty_swiatecznej_Tajemnice_Swietego-Mikolaja-1024x696.jpg 1024w, https:\/\/muzeum.ostroleka.pl\/wp-content\/uploads\/2020\/12\/fragment_wystawy_pokonkursowej_Konkurs_na_projekt_karty_swiatecznej_Tajemnice_Swietego-Mikolaja-768x522.jpg 768w, https:\/\/muzeum.ostroleka.pl\/wp-content\/uploads\/2020\/12\/fragment_wystawy_pokonkursowej_Konkurs_na_projekt_karty_swiatecznej_Tajemnice_Swietego-Mikolaja-500x340.jpg 500w, https:\/\/muzeum.ostroleka.pl\/wp-content\/uploads\/2020\/12\/fragment_wystawy_pokonkursowej_Konkurs_na_projekt_karty_swiatecznej_Tajemnice_Swietego-Mikolaja.jpg 1200w\" sizes=\"auto, (max-width: 300px) 100vw, 300px\" \/><\/a>\n\t\t\t<\/dt>\n\t\t\t\t<dd class='wp-caption-text gallery-caption' id='gallery-1-5585'>\n\t\t\t\tFragment wystawy pokonkursowej. Konkurs na projekt karty \u015bwi\u0105tecznej \u201eTajemnice \u015awi\u0119tego Miko\u0142aja\u201d.\n\t\t\t\t<\/dd><\/dl><br style=\"clear: both\" \/>\n\t\t<\/div>\n\n<p style=\"text-align: justify;\">&nbsp;<\/p>\n<p style=\"text-align: justify;\">&nbsp;<\/p>\n","protected":false},"excerpt":{"rendered":"<p>Dzi\u015b przypada wspomnienie \u015bw. Miko\u0142aja, nazywane te\u017c \u201emiko\u0142ajkami\u201d. Cho\u0107 dzisiejszy \u015bwiat cz\u0119sto przedstawia tego \u015bwi\u0119tego jako mi\u0142ego staruszka z bujn\u0105, siw\u0105 brod\u0105, odzianego w czerwony str\u00f3j i czapk\u0119 z pomponem, to w rzeczywisto\u015bci \u015bw. Miko\u0142aj by\u0142 biskupem i nosi\u0142 szaty zgodne ze swoim stanem duchownym. Miko\u0142aj urodzi\u0142 si\u0119 ok. 270 r. w miejscowo\u015bci Patara w [&hellip;]<\/p>\n","protected":false},"author":3,"featured_media":5572,"comment_status":"closed","ping_status":"closed","sticky":false,"template":"","format":"standard","meta":{"_acf_changed":false,"_lmt_disableupdate":"","_lmt_disable":"","_monsterinsights_skip_tracking":false,"_monsterinsights_sitenote_active":false,"_monsterinsights_sitenote_note":"","_monsterinsights_sitenote_category":0,"ngg_post_thumbnail":0,"footnotes":""},"categories":[3,55],"tags":[],"class_list":["post-5602","post","type-post","status-publish","format-standard","has-post-thumbnail","hentry","category-aktualnosci","category-wirtualne-muzeum"],"acf":[],"modified_by":"Daniel Go\u0142a\u015b","_links":{"self":[{"href":"https:\/\/muzeum.ostroleka.pl\/index.php?rest_route=\/wp\/v2\/posts\/5602","targetHints":{"allow":["GET"]}}],"collection":[{"href":"https:\/\/muzeum.ostroleka.pl\/index.php?rest_route=\/wp\/v2\/posts"}],"about":[{"href":"https:\/\/muzeum.ostroleka.pl\/index.php?rest_route=\/wp\/v2\/types\/post"}],"author":[{"embeddable":true,"href":"https:\/\/muzeum.ostroleka.pl\/index.php?rest_route=\/wp\/v2\/users\/3"}],"replies":[{"embeddable":true,"href":"https:\/\/muzeum.ostroleka.pl\/index.php?rest_route=%2Fwp%2Fv2%2Fcomments&post=5602"}],"version-history":[{"count":1,"href":"https:\/\/muzeum.ostroleka.pl\/index.php?rest_route=\/wp\/v2\/posts\/5602\/revisions"}],"predecessor-version":[{"id":5603,"href":"https:\/\/muzeum.ostroleka.pl\/index.php?rest_route=\/wp\/v2\/posts\/5602\/revisions\/5603"}],"wp:featuredmedia":[{"embeddable":true,"href":"https:\/\/muzeum.ostroleka.pl\/index.php?rest_route=\/wp\/v2\/media\/5572"}],"wp:attachment":[{"href":"https:\/\/muzeum.ostroleka.pl\/index.php?rest_route=%2Fwp%2Fv2%2Fmedia&parent=5602"}],"wp:term":[{"taxonomy":"category","embeddable":true,"href":"https:\/\/muzeum.ostroleka.pl\/index.php?rest_route=%2Fwp%2Fv2%2Fcategories&post=5602"},{"taxonomy":"post_tag","embeddable":true,"href":"https:\/\/muzeum.ostroleka.pl\/index.php?rest_route=%2Fwp%2Fv2%2Ftags&post=5602"}],"curies":[{"name":"wp","href":"https:\/\/api.w.org\/{rel}","templated":true}]}}