{"id":5718,"date":"2020-12-22T13:19:07","date_gmt":"2020-12-22T12:19:07","guid":{"rendered":"https:\/\/muzeum.ostroleka.pl\/?p=5718"},"modified":"2020-12-23T10:42:51","modified_gmt":"2020-12-23T09:42:51","slug":"koledowanie-w-muzeum","status":"publish","type":"post","link":"https:\/\/muzeum.ostroleka.pl\/?p=5718","title":{"rendered":"Kol\u0119dowanie w Muzeum"},"content":{"rendered":"<p>Z okazji zbli\u017caj\u0105cych si\u0119 \u015bwi\u0105t Bo\u017cego Narodzenia, wraz z przyjaci\u00f3\u0142mi naszego Muzeum za\u015bpiewali\u015bmy dla Pa\u0144stwa kol\u0119dy. Poni\u017cej zamieszczamy teksty wykonanych utwor\u00f3w i zapraszamy do wsp\u00f3lnego kol\u0119dowania.<!--more--><\/p>\n<p>&nbsp;<\/p>\n<p>&nbsp;<\/p>\n<p><iframe loading=\"lazy\" title=\"Kol\u0119dowanie w Muzeum\" width=\"500\" height=\"281\" src=\"https:\/\/www.youtube.com\/embed\/orOS-d8egJw?feature=oembed\" frameborder=\"0\" allow=\"accelerometer; autoplay; clipboard-write; encrypted-media; gyroscope; picture-in-picture; web-share\" referrerpolicy=\"strict-origin-when-cross-origin\" allowfullscreen><\/iframe><\/p>\n<p>&nbsp;<\/p>\n<p>&nbsp;<\/p>\n<p style=\"text-align: left;\"><strong>SC\u0118\u015aLIWE BETLEJEM NIASTO DAZIDOWE<\/strong><\/p>\n<p style=\"text-align: left;\">Sc\u0119\u015bliwe Betlejem, niasto Dazidowe,<br \/>\nZe nom si\u0119 zjawzi\u0142o Dzieci\u0105tecko nowe.<br \/>\nChrystus si\u0119 narodziu\u0142, by nas oswobodziu\u0142<br \/>\nZ tej niewoli sata\u0144skiej.<\/p>\n<p style=\"text-align: left;\">Nom si\u0119 nie dosta\u0142o sc\u0119\u015bcia takowego,<br \/>\nBy\u015bwa w nasej puscy nieli zrodzonego<br \/>\nJezusa Chrystusa, aby nasa dusa<br \/>\nSerdecnie Go ucci\u0142a.<\/p>\n<p style=\"text-align: left;\">U nas w Ostro\u0142\u0119ckiem, na puscy, w starostsie,<br \/>\nNie bu\u0142by\u015b si\u0119 rodziu\u0142, m\u00f3j Jezu w ub\u00f3stwsie;<br \/>\nMawa izb\u00f3w wziele i mi\u0119tkie po\u015bciele,<br \/>\nBu\u0142by\u015b leza\u0142 jek w puchu.<\/p>\n<p style=\"text-align: left;\">Ze si\u0119 nie tak, Panie! spodoba\u0142o Tobzie,<br \/>\nZe\u015b ucierpsia\u0142 bziede w maluchnej osobzie,<br \/>\nPrzyjnij serca ch\u0119ci, niej Kurpsi\u00f3w w pani\u0119ci<br \/>\nTu, na puscy i w niebzie!<\/p>\n<p style=\"text-align: left;\"><span style=\"font-size: 8pt;\"><em>(Ks. W. Skierkowski, Puszcza Kurpiowska w pie\u015bni, <\/em><\/span><br \/>\n<span style=\"font-size: 8pt;\"><em>t. III, Ostro\u0142\u0119ka 2003, s. 3)<\/em><\/span><\/p>\n<p>&nbsp;<\/p>\n<p>&nbsp;<\/p>\n<p style=\"text-align: right;\"><strong>W Z\u0141OBZIE LEZY<\/strong><\/p>\n<p style=\"text-align: right;\">W z\u0142obzie lezy, kt\u00f3z pobziezy kol\u0119dowa\u0107 Ma\u0142emu?<br \/>\nJezusoziu, Chrystusoziu dzi\u015b do nas zes\u0142anemu.<br \/>\nPastuskozie przybywajcie, Jemu wdzi\u0119cznie przygrywajcie,<br \/>\nJeko Panu nasemu.<\/p>\n<p style=\"text-align: right;\">My za\u015b sani z psiosneckani za wami pospsiesymy.<br \/>\nA tak tego, male\u0144kiego, niech wszyscy zobacymy.<br \/>\nJek ubogo narodzony, p\u0142ace w stajni po\u0142ozony,<br \/>\nWi\u0119c Go dzi\u015b pociesymy.<\/p>\n<p style=\"text-align: right;\">Naprz\u00f3d tedy, niechaj ws\u0119dy zabrzmi \u015bwiat w weso\u0142o\u015bci,<br \/>\nZe pos\u0142any nom jest dany Emanuel w nisko\u015bci.<br \/>\nJego tedy przyzitajmy, z anio\u0142ani zaspsiewajmy:<br \/>\nChwa\u0142a na wysoko\u015bci!<\/p>\n<p style=\"text-align: right;\">Zitaj Panie! C\u00f3z sie stanie, ze rozkosy niebzieskie<br \/>\nOpusciu\u0142e\u015b, a zst\u0105psiu\u0142e\u015b na te nisko\u015bci ziemskie?<br \/>\nMi\u0142o\u015b\u0107 moja to sprazi\u0142a, by c\u0142ozieka wywyzsy\u0142a<br \/>\nPod nieba empirejskie.<\/p>\n<p style=\"text-align: right;\"><em><span style=\"font-size: 8pt;\">(Ks. W. Skierkowski, Puszcza Kurpiowska w pie\u015bni, <\/span><\/em><br \/>\n<em><span style=\"font-size: 8pt;\">t. III, Ostro\u0142\u0119ka 2003, s. 75)<\/span><\/em><\/p>\n<p>&nbsp;<\/p>\n<p>&nbsp;<\/p>\n<p style=\"text-align: left;\"><strong>ZAGRZNIA\u0141A, RUNENA W BETLEJEM ZIEMNIA<\/strong><\/p>\n<p style=\"text-align: left;\">Zagrznia\u0142a, runena w Betlejem ziemnia,<br \/>\nNie by\u0142o, nie by\u0142o J\u00f3zefa doma.<br \/>\nKandy ze\u015b, kandy ze\u015b J\u00f3zefsie bywo\u0142?<br \/>\nW Betlejem, w Betlejem Dzieci\u0105tku spsiewo\u0142.<\/p>\n<p style=\"text-align: left;\">W\u00f3\u0142, osio\u0142, w\u00f3\u0142, osio\u0142 przed Nim kl\u0119kali,<br \/>\nBo swego, bo swego Stw\u00f3rce poznali.<br \/>\nBec\u0105cy, ryc\u0105cy Panu spsiewali,<br \/>\nPasterze, pasterze w multanki grali.<\/p>\n<p style=\"text-align: left;\">Zni\u0142uj sie, zni\u0142uj sie , nas wziecny Panie,<br \/>\nBez Ciebzie, bez Ciebzie nic sie nie stanie.<br \/>\nNare\u015bcie gdy pok\u0142on Panu oddali,<br \/>\nZ wzielko weso\u0142o\u015bcio do swych trz\u00f3d wracali.<\/p>\n<p><em><span style=\"font-size: 8pt;\">(Ks. W. Skierkowski, Puszcza Kurpiowska w pie\u015bni, <\/span><\/em><br \/>\n<em><span style=\"font-size: 8pt;\">t. III, Ostro\u0142\u0119ka 2003, s. 24)<\/span><\/em><\/p>\n<p>&nbsp;<\/p>\n<p>&nbsp;<\/p>\n<p style=\"text-align: right;\"><strong>B\u00d3G WAM ZAP\u0141A\u0106 PANIE GOSPODARZU<\/strong><\/p>\n<p style=\"text-align: right;\">1. B\u00f3g wam zap\u0142a\u0107 Panie Gospodarzu za t\u0119 kol\u0119d\u0119.<br \/>\nI wam tak\u017ce moja Gospody\u0144ko niech si\u0119 tak staje.<br \/>\nW domu i na polu, w ogrodzie, na roli,<br \/>\nJab\u0142ka, pszenica, owies, jarzyca.<\/p>\n<p style=\"text-align: right;\">2. Ka\u017cda kr\u00f3wka niech si\u0119 wam ocieli, dzban mleka dawa<br \/>\nKa\u017cda kurka trzy razy kurcz\u0119ta w roku oddawa.<br \/>\n\u015awinie i prosi\u0119ta, jagni\u0119ta, ciel\u0119ta<br \/>\nBy si\u0119 mno\u017cy\u0142y a t\u0142uste by\u0142y.<\/p>\n<p style=\"text-align: right;\">3. G\u00f3ra wasza, stodo\u0142a, sypialnia niech pe\u0142ne b\u0119d\u0105.<br \/>\nKonie wasze i wasze \u017arebi\u0119ta niechaj wierzgaj\u0105.<br \/>\nWszelkie zatem szcz\u0119\u015bcie daj to Panie Bo\u017ce<br \/>\nGospodarzowi, dobrodziejowi.<\/p>\n<p style=\"text-align: right;\">4. Gospodyni, dziatkom, przyjacio\u0142om zdrowie daj Panie.<br \/>\nNiechaj ka\u017cdy od Pana Jezusa \u0142aski doznaje.<br \/>\nWszystko naoko\u0142o, blisko czy daleko<br \/>\nBy si\u0119 cieszyli, Boga s\u0142uchali.<\/p>\n","protected":false},"excerpt":{"rendered":"<p>Z okazji zbli\u017caj\u0105cych si\u0119 \u015bwi\u0105t Bo\u017cego Narodzenia, wraz z przyjaci\u00f3\u0142mi naszego Muzeum za\u015bpiewali\u015bmy dla Pa\u0144stwa kol\u0119dy. Poni\u017cej zamieszczamy teksty wykonanych utwor\u00f3w i zapraszamy do wsp\u00f3lnego kol\u0119dowania.<\/p>\n","protected":false},"author":3,"featured_media":5720,"comment_status":"closed","ping_status":"closed","sticky":false,"template":"","format":"standard","meta":{"_acf_changed":false,"_lmt_disableupdate":"","_lmt_disable":"","_monsterinsights_skip_tracking":false,"_monsterinsights_sitenote_active":false,"_monsterinsights_sitenote_note":"","_monsterinsights_sitenote_category":0,"ngg_post_thumbnail":0,"footnotes":""},"categories":[3,55],"tags":[],"class_list":["post-5718","post","type-post","status-publish","format-standard","has-post-thumbnail","hentry","category-aktualnosci","category-wirtualne-muzeum"],"acf":[],"modified_by":"Daniel Go\u0142a\u015b","_links":{"self":[{"href":"https:\/\/muzeum.ostroleka.pl\/index.php?rest_route=\/wp\/v2\/posts\/5718","targetHints":{"allow":["GET"]}}],"collection":[{"href":"https:\/\/muzeum.ostroleka.pl\/index.php?rest_route=\/wp\/v2\/posts"}],"about":[{"href":"https:\/\/muzeum.ostroleka.pl\/index.php?rest_route=\/wp\/v2\/types\/post"}],"author":[{"embeddable":true,"href":"https:\/\/muzeum.ostroleka.pl\/index.php?rest_route=\/wp\/v2\/users\/3"}],"replies":[{"embeddable":true,"href":"https:\/\/muzeum.ostroleka.pl\/index.php?rest_route=%2Fwp%2Fv2%2Fcomments&post=5718"}],"version-history":[{"count":8,"href":"https:\/\/muzeum.ostroleka.pl\/index.php?rest_route=\/wp\/v2\/posts\/5718\/revisions"}],"predecessor-version":[{"id":5730,"href":"https:\/\/muzeum.ostroleka.pl\/index.php?rest_route=\/wp\/v2\/posts\/5718\/revisions\/5730"}],"wp:featuredmedia":[{"embeddable":true,"href":"https:\/\/muzeum.ostroleka.pl\/index.php?rest_route=\/wp\/v2\/media\/5720"}],"wp:attachment":[{"href":"https:\/\/muzeum.ostroleka.pl\/index.php?rest_route=%2Fwp%2Fv2%2Fmedia&parent=5718"}],"wp:term":[{"taxonomy":"category","embeddable":true,"href":"https:\/\/muzeum.ostroleka.pl\/index.php?rest_route=%2Fwp%2Fv2%2Fcategories&post=5718"},{"taxonomy":"post_tag","embeddable":true,"href":"https:\/\/muzeum.ostroleka.pl\/index.php?rest_route=%2Fwp%2Fv2%2Ftags&post=5718"}],"curies":[{"name":"wp","href":"https:\/\/api.w.org\/{rel}","templated":true}]}}