{"id":5738,"date":"2020-12-24T09:49:43","date_gmt":"2020-12-24T08:49:43","guid":{"rendered":"https:\/\/muzeum.ostroleka.pl\/?p=5738"},"modified":"2020-12-24T09:49:43","modified_gmt":"2020-12-24T08:49:43","slug":"bozonarodzeniowa-kolorowanka","status":"publish","type":"post","link":"https:\/\/muzeum.ostroleka.pl\/?p=5738","title":{"rendered":"Bo\u017conarodzeniowa kolorowanka"},"content":{"rendered":"<p>Kiedy doro\u015bli przygotowuj\u0105 wigilijne potrawy, dzieci najcz\u0119\u015bciej nudz\u0105 si\u0119 wyczekuj\u0105c pierwszej gwiazdki. \u017beby ten czas up\u0142yn\u0105\u0142 mi\u0142o, przygotowali\u015bmy dla najm\u0142odszych papierow\u0105 gwiazdk\u0119 do w\u0142asnor\u0119cznego wykonania. Mo\u017ce ona te\u017c s\u0142u\u017cy\u0107 jako ozdoba choinkowa. Poni\u017cej zamieszczamy plik do pobrania.<\/p>\n<p>Gwiazdka: <a href=\"https:\/\/muzeum.ostroleka.pl\/wp-content\/uploads\/2020\/12\/kolorowanka_bozonarodzeniowa_2020.zip\">pobierz<\/a><\/p>\n","protected":false},"excerpt":{"rendered":"<p>Kiedy doro\u015bli przygotowuj\u0105 wigilijne potrawy, dzieci najcz\u0119\u015bciej nudz\u0105 si\u0119 wyczekuj\u0105c pierwszej gwiazdki. \u017beby ten czas up\u0142yn\u0105\u0142 mi\u0142o, przygotowali\u015bmy dla najm\u0142odszych papierow\u0105 gwiazdk\u0119 do w\u0142asnor\u0119cznego wykonania. Mo\u017ce ona te\u017c s\u0142u\u017cy\u0107 jako ozdoba choinkowa. Poni\u017cej zamieszczamy plik do pobrania. Gwiazdka: pobierz<\/p>\n","protected":false},"author":3,"featured_media":5744,"comment_status":"closed","ping_status":"closed","sticky":false,"template":"","format":"standard","meta":{"_acf_changed":false,"_lmt_disableupdate":"","_lmt_disable":"","_monsterinsights_skip_tracking":false,"_monsterinsights_sitenote_active":false,"_monsterinsights_sitenote_note":"","_monsterinsights_sitenote_category":0,"ngg_post_thumbnail":0,"footnotes":""},"categories":[3,55],"tags":[],"class_list":["post-5738","post","type-post","status-publish","format-standard","has-post-thumbnail","hentry","category-aktualnosci","category-wirtualne-muzeum"],"acf":[],"modified_by":"Daniel Go\u0142a\u015b","_links":{"self":[{"href":"https:\/\/muzeum.ostroleka.pl\/index.php?rest_route=\/wp\/v2\/posts\/5738","targetHints":{"allow":["GET"]}}],"collection":[{"href":"https:\/\/muzeum.ostroleka.pl\/index.php?rest_route=\/wp\/v2\/posts"}],"about":[{"href":"https:\/\/muzeum.ostroleka.pl\/index.php?rest_route=\/wp\/v2\/types\/post"}],"author":[{"embeddable":true,"href":"https:\/\/muzeum.ostroleka.pl\/index.php?rest_route=\/wp\/v2\/users\/3"}],"replies":[{"embeddable":true,"href":"https:\/\/muzeum.ostroleka.pl\/index.php?rest_route=%2Fwp%2Fv2%2Fcomments&post=5738"}],"version-history":[{"count":3,"href":"https:\/\/muzeum.ostroleka.pl\/index.php?rest_route=\/wp\/v2\/posts\/5738\/revisions"}],"predecessor-version":[{"id":5745,"href":"https:\/\/muzeum.ostroleka.pl\/index.php?rest_route=\/wp\/v2\/posts\/5738\/revisions\/5745"}],"wp:featuredmedia":[{"embeddable":true,"href":"https:\/\/muzeum.ostroleka.pl\/index.php?rest_route=\/wp\/v2\/media\/5744"}],"wp:attachment":[{"href":"https:\/\/muzeum.ostroleka.pl\/index.php?rest_route=%2Fwp%2Fv2%2Fmedia&parent=5738"}],"wp:term":[{"taxonomy":"category","embeddable":true,"href":"https:\/\/muzeum.ostroleka.pl\/index.php?rest_route=%2Fwp%2Fv2%2Fcategories&post=5738"},{"taxonomy":"post_tag","embeddable":true,"href":"https:\/\/muzeum.ostroleka.pl\/index.php?rest_route=%2Fwp%2Fv2%2Ftags&post=5738"}],"curies":[{"name":"wp","href":"https:\/\/api.w.org\/{rel}","templated":true}]}}