{"id":5820,"date":"2021-01-05T15:13:00","date_gmt":"2021-01-05T14:13:00","guid":{"rendered":"https:\/\/muzeum.ostroleka.pl\/?p=5820"},"modified":"2021-01-05T15:13:00","modified_gmt":"2021-01-05T14:13:00","slug":"tradycje-na-kurpiach-byski-i-nowe-latka","status":"publish","type":"post","link":"https:\/\/muzeum.ostroleka.pl\/?p=5820","title":{"rendered":"Tradycje na Kurpiach. By\u015bki i nowe latka"},"content":{"rendered":"<p>By\u015bki i nowe latka to tradycyjne pieczywo obrz\u0119dowe popularne na Kurpiach, przygotowywane na Nowy Rok oraz \u015bwi\u0119to Trzech Kr\u00f3li. Dzi\u015b przedstawiamy Pa\u0144stwu materia\u0142 filmowy, w kt\u00f3rym tw\u00f3rczyni ludowa zaprezentuje spos\u00f3b wykonania takiego pieczywa.<!--more--><\/p>\n<p>&nbsp;<\/p>\n<p><iframe loading=\"lazy\" title=\"Tradycje na Kurpiach. By\u015bki i nowe latka\" width=\"500\" height=\"281\" src=\"https:\/\/www.youtube.com\/embed\/8MdUTPOusJE?feature=oembed\" frameborder=\"0\" allow=\"accelerometer; autoplay; clipboard-write; encrypted-media; gyroscope; picture-in-picture; web-share\" referrerpolicy=\"strict-origin-when-cross-origin\" allowfullscreen><\/iframe><\/p>\n","protected":false},"excerpt":{"rendered":"<p>By\u015bki i nowe latka to tradycyjne pieczywo obrz\u0119dowe popularne na Kurpiach, przygotowywane na Nowy Rok oraz \u015bwi\u0119to Trzech Kr\u00f3li. Dzi\u015b przedstawiamy Pa\u0144stwu materia\u0142 filmowy, w kt\u00f3rym tw\u00f3rczyni ludowa zaprezentuje spos\u00f3b wykonania takiego pieczywa.<\/p>\n","protected":false},"author":3,"featured_media":5821,"comment_status":"closed","ping_status":"closed","sticky":false,"template":"","format":"standard","meta":{"_acf_changed":false,"_lmt_disableupdate":"","_lmt_disable":"","_monsterinsights_skip_tracking":false,"_monsterinsights_sitenote_active":false,"_monsterinsights_sitenote_note":"","_monsterinsights_sitenote_category":0,"ngg_post_thumbnail":0,"footnotes":""},"categories":[3,55],"tags":[],"class_list":["post-5820","post","type-post","status-publish","format-standard","has-post-thumbnail","hentry","category-aktualnosci","category-wirtualne-muzeum"],"acf":[],"modified_by":"Daniel Go\u0142a\u015b","_links":{"self":[{"href":"https:\/\/muzeum.ostroleka.pl\/index.php?rest_route=\/wp\/v2\/posts\/5820","targetHints":{"allow":["GET"]}}],"collection":[{"href":"https:\/\/muzeum.ostroleka.pl\/index.php?rest_route=\/wp\/v2\/posts"}],"about":[{"href":"https:\/\/muzeum.ostroleka.pl\/index.php?rest_route=\/wp\/v2\/types\/post"}],"author":[{"embeddable":true,"href":"https:\/\/muzeum.ostroleka.pl\/index.php?rest_route=\/wp\/v2\/users\/3"}],"replies":[{"embeddable":true,"href":"https:\/\/muzeum.ostroleka.pl\/index.php?rest_route=%2Fwp%2Fv2%2Fcomments&post=5820"}],"version-history":[{"count":1,"href":"https:\/\/muzeum.ostroleka.pl\/index.php?rest_route=\/wp\/v2\/posts\/5820\/revisions"}],"predecessor-version":[{"id":5822,"href":"https:\/\/muzeum.ostroleka.pl\/index.php?rest_route=\/wp\/v2\/posts\/5820\/revisions\/5822"}],"wp:featuredmedia":[{"embeddable":true,"href":"https:\/\/muzeum.ostroleka.pl\/index.php?rest_route=\/wp\/v2\/media\/5821"}],"wp:attachment":[{"href":"https:\/\/muzeum.ostroleka.pl\/index.php?rest_route=%2Fwp%2Fv2%2Fmedia&parent=5820"}],"wp:term":[{"taxonomy":"category","embeddable":true,"href":"https:\/\/muzeum.ostroleka.pl\/index.php?rest_route=%2Fwp%2Fv2%2Fcategories&post=5820"},{"taxonomy":"post_tag","embeddable":true,"href":"https:\/\/muzeum.ostroleka.pl\/index.php?rest_route=%2Fwp%2Fv2%2Ftags&post=5820"}],"curies":[{"name":"wp","href":"https:\/\/api.w.org\/{rel}","templated":true}]}}