{"id":603,"date":"2016-08-25T11:34:46","date_gmt":"2016-08-25T10:34:46","guid":{"rendered":"http:\/\/mkk.wisnia.pl\/?p=603"},"modified":"2019-12-12T10:27:52","modified_gmt":"2019-12-12T09:27:52","slug":"powiatowy-konkurs-plastyczno-literacki-zaczyna-sie-niewinnie-mali-kolekcjonerzy-laureaci-wylonieni","status":"publish","type":"post","link":"https:\/\/muzeum.ostroleka.pl\/?p=603","title":{"rendered":"Powiatowy Konkurs Plastyczno-Literacki &#8222;Zaczyna si\u0119 niewinnie. Mali kolekcjonerzy&#8221; &#8211; laureaci wy\u0142onieni!"},"content":{"rendered":"<div class=\"leadArticle\">\n<p>Dzi\u015b, 25 sierpnia 2015 roku, w&nbsp;siedzibie naszego muzeum, po&nbsp;burzliwych obradach, jury wy\u0142oni\u0142o laureat\u00f3w Powiatowego Konkursu Plastyczno-Literackiego &#8222;Zaczyna si\u0119 niewinnie. Mali kolekcjonerzy&#8221;.<\/p>\n<p>&nbsp;<\/p>\n<p>Adresowany do&nbsp;dzieci w&nbsp;wieku 5-13 lat, Powiatowy Konkurs Plastyczno-Literacki &#8222;Zaczyna si\u0119&nbsp;niewinnie. Mali kolekcjonerzy&#8221; by\u0142 jednym z&nbsp;dzia\u0142a\u0144 podejmowanych w&nbsp;ramach projektu &#8222;Od&nbsp;w\u0142oskich bufet\u00f3w po&nbsp;ebay kolekcjoner\u00f3w, czyli muzeum po&nbsp;drodze&#8221; wsp\u00f3\u0142finansowanego przez&nbsp;Ministra Kultury i&nbsp;Dziedzictwa Narodowego.<\/p>\n<\/div>\n<p>&nbsp;<\/p>\n<p>Uczestnicy mieli za&nbsp;zadanie w&nbsp;formie plastycznej b\u0105d\u017a literackiej przedstawi\u0107 ich realne lub&nbsp;wymarzone kolekcje i&nbsp;dostarczy\u0107 swoje dzie\u0142a do&nbsp;Muzeum Kultury Kurpiowskiej w&nbsp;Ostro\u0142\u0119ce do&nbsp;30&nbsp;czerwca&nbsp;br. Celem konkursu by\u0142o propagowanie zasad \u015bwiadomego kolekcjonerstwa oraz tworzenia kolekcji prywatnych w\u015br\u00f3d przedstawicieli m\u0142odego pokolenia.<\/p>\n<p>&nbsp;<\/p>\n<p>&nbsp;<\/p>\n<p><strong>Og\u0142oszenie wynik\u00f3w oraz&nbsp;wr\u0119czenie nagr\u00f3d odb\u0119dzie si\u0119&nbsp;17 pa\u017adziernika 2015&nbsp;roku, podczas \u201eDnia kolekcjonera\u201d w&nbsp;Muzeum Kultury Kurpiowskiej w&nbsp;Ostro\u0142\u0119ce przy&nbsp;pl.&nbsp;gen.&nbsp;J\u00f3zefa Bema&nbsp;8.<\/strong><\/p>\n<p>Fundatorem nagr\u00f3d s\u0105: Starostwo Powiatowe w&nbsp;Ostro\u0142\u0119ce oraz&nbsp;Muzeum Kultury Kurpiowskiej w&nbsp;Ostro\u0142\u0119ce.<\/p>\n<p>&nbsp;<\/p>\n<p><img loading=\"lazy\" decoding=\"async\" class=\"alignnone size-full wp-image-576\" src=\"http:\/\/mkk.wisnia.pl\/wp-content\/uploads\/2019\/10\/40lat-Kopia.png\" alt=\"\" width=\"180\" height=\"180\" srcset=\"https:\/\/muzeum.ostroleka.pl\/wp-content\/uploads\/2019\/10\/40lat-Kopia.png 180w, https:\/\/muzeum.ostroleka.pl\/wp-content\/uploads\/2019\/10\/40lat-Kopia-150x150.png 150w\" sizes=\"auto, (max-width: 180px) 100vw, 180px\" \/> <img loading=\"lazy\" decoding=\"async\" class=\"alignnone size-medium wp-image-578\" src=\"http:\/\/mkk.wisnia.pl\/wp-content\/uploads\/2019\/10\/mkk_MKiDN-01_cmyk_011-1-300x193.jpg\" alt=\"\" width=\"300\" height=\"193\" srcset=\"https:\/\/muzeum.ostroleka.pl\/wp-content\/uploads\/2019\/10\/mkk_MKiDN-01_cmyk_011-1-300x193.jpg 300w, https:\/\/muzeum.ostroleka.pl\/wp-content\/uploads\/2019\/10\/mkk_MKiDN-01_cmyk_011-1.jpg 320w\" sizes=\"auto, (max-width: 300px) 100vw, 300px\" \/> <img loading=\"lazy\" decoding=\"async\" class=\"alignnone wp-image-577\" src=\"http:\/\/mkk.wisnia.pl\/wp-content\/uploads\/2019\/10\/Bez-nazwy-2.png\" alt=\"\" width=\"298\" height=\"158\" srcset=\"https:\/\/muzeum.ostroleka.pl\/wp-content\/uploads\/2019\/10\/Bez-nazwy-2.png 151w, https:\/\/muzeum.ostroleka.pl\/wp-content\/uploads\/2019\/10\/Bez-nazwy-2-150x80.png 150w\" sizes=\"auto, (max-width: 298px) 100vw, 298px\" \/> <img loading=\"lazy\" decoding=\"async\" class=\"alignnone size-medium wp-image-391\" src=\"http:\/\/mkk.wisnia.pl\/wp-content\/uploads\/2019\/10\/Logo-mazowsze-300x107.jpg\" alt=\"\" width=\"300\" height=\"107\" srcset=\"https:\/\/muzeum.ostroleka.pl\/wp-content\/uploads\/2019\/10\/Logo-mazowsze-300x107.jpg 300w, https:\/\/muzeum.ostroleka.pl\/wp-content\/uploads\/2019\/10\/Logo-mazowsze-500x179.jpg 500w, https:\/\/muzeum.ostroleka.pl\/wp-content\/uploads\/2019\/10\/Logo-mazowsze.jpg 517w\" sizes=\"auto, (max-width: 300px) 100vw, 300px\" \/> <img loading=\"lazy\" decoding=\"async\" class=\"alignnone wp-image-594\" src=\"http:\/\/mkk.wisnia.pl\/wp-content\/uploads\/2019\/10\/mkk_kolorowy_006-1-300x144.jpg\" alt=\"\" width=\"246\" height=\"118\" srcset=\"https:\/\/muzeum.ostroleka.pl\/wp-content\/uploads\/2019\/10\/mkk_kolorowy_006-1-300x144.jpg 300w, https:\/\/muzeum.ostroleka.pl\/wp-content\/uploads\/2019\/10\/mkk_kolorowy_006-1.jpg 320w\" sizes=\"auto, (max-width: 246px) 100vw, 246px\" \/><\/p>\n<p>&nbsp;<\/p>\n<p>&nbsp;<\/p>\nngg_shortcode_0_placeholder\n","protected":false},"excerpt":{"rendered":"<p>Dzi\u015b, 25 sierpnia 2015 roku, w&nbsp;siedzibie naszego muzeum, po&nbsp;burzliwych obradach, jury wy\u0142oni\u0142o laureat\u00f3w Powiatowego Konkursu Plastyczno-Literackiego &#8222;Zaczyna si\u0119 niewinnie. Mali kolekcjonerzy&#8221;. &nbsp; Adresowany do&nbsp;dzieci w&nbsp;wieku 5-13 lat, Powiatowy Konkurs Plastyczno-Literacki &#8222;Zaczyna si\u0119&nbsp;niewinnie. Mali kolekcjonerzy&#8221; by\u0142 jednym z&nbsp;dzia\u0142a\u0144 podejmowanych w&nbsp;ramach projektu &#8222;Od&nbsp;w\u0142oskich bufet\u00f3w po&nbsp;ebay kolekcjoner\u00f3w, czyli muzeum po&nbsp;drodze&#8221; wsp\u00f3\u0142finansowanego przez&nbsp;Ministra Kultury i&nbsp;Dziedzictwa Narodowego. &nbsp; Uczestnicy mieli [&hellip;]<\/p>\n","protected":false},"author":1,"featured_media":605,"comment_status":"open","ping_status":"open","sticky":false,"template":"","format":"standard","meta":{"_acf_changed":false,"_lmt_disableupdate":"","_lmt_disable":"","_monsterinsights_skip_tracking":false,"_monsterinsights_sitenote_active":false,"_monsterinsights_sitenote_note":"","_monsterinsights_sitenote_category":0,"ngg_post_thumbnail":0,"footnotes":""},"categories":[36],"tags":[],"class_list":["post-603","post","type-post","status-publish","format-standard","has-post-thumbnail","hentry","category-konkursy"],"acf":[],"modified_by":"Daniel Go\u0142a\u015b","_links":{"self":[{"href":"https:\/\/muzeum.ostroleka.pl\/index.php?rest_route=\/wp\/v2\/posts\/603","targetHints":{"allow":["GET"]}}],"collection":[{"href":"https:\/\/muzeum.ostroleka.pl\/index.php?rest_route=\/wp\/v2\/posts"}],"about":[{"href":"https:\/\/muzeum.ostroleka.pl\/index.php?rest_route=\/wp\/v2\/types\/post"}],"author":[{"embeddable":true,"href":"https:\/\/muzeum.ostroleka.pl\/index.php?rest_route=\/wp\/v2\/users\/1"}],"replies":[{"embeddable":true,"href":"https:\/\/muzeum.ostroleka.pl\/index.php?rest_route=%2Fwp%2Fv2%2Fcomments&post=603"}],"version-history":[{"count":4,"href":"https:\/\/muzeum.ostroleka.pl\/index.php?rest_route=\/wp\/v2\/posts\/603\/revisions"}],"predecessor-version":[{"id":611,"href":"https:\/\/muzeum.ostroleka.pl\/index.php?rest_route=\/wp\/v2\/posts\/603\/revisions\/611"}],"wp:featuredmedia":[{"embeddable":true,"href":"https:\/\/muzeum.ostroleka.pl\/index.php?rest_route=\/wp\/v2\/media\/605"}],"wp:attachment":[{"href":"https:\/\/muzeum.ostroleka.pl\/index.php?rest_route=%2Fwp%2Fv2%2Fmedia&parent=603"}],"wp:term":[{"taxonomy":"category","embeddable":true,"href":"https:\/\/muzeum.ostroleka.pl\/index.php?rest_route=%2Fwp%2Fv2%2Fcategories&post=603"},{"taxonomy":"post_tag","embeddable":true,"href":"https:\/\/muzeum.ostroleka.pl\/index.php?rest_route=%2Fwp%2Fv2%2Ftags&post=603"}],"curies":[{"name":"wp","href":"https:\/\/api.w.org\/{rel}","templated":true}]}}