{"id":6098,"date":"2021-01-22T11:11:10","date_gmt":"2021-01-22T10:11:10","guid":{"rendered":"https:\/\/muzeum.ostroleka.pl\/?p=6098"},"modified":"2021-01-22T11:11:10","modified_gmt":"2021-01-22T10:11:10","slug":"adam-wojciechowski-uczestnik-powstania-styczniowego","status":"publish","type":"post","link":"https:\/\/muzeum.ostroleka.pl\/?p=6098","title":{"rendered":"Adam Wojciechowski &#8211; uczestnik powstania styczniowego"},"content":{"rendered":"<p style=\"text-align: justify;\">Dzisiaj przypada 158. rocznica wybuchu powstania styczniowego. Jednym z uczestnik\u00f3w tego zrywu niepodleg\u0142o\u015bciowego by\u0142 mieszkaniec Wojciechowic \u2013 Adam Wojciechowski.<!--more--> Ni\u017cej zamieszczamy kr\u00f3tki rys \u017cycia powsta\u0144ca. Ilustrujemy go m.in. drukiem nut mazurka ze zbior\u00f3w MKK. Ma\u0142o znany jest bowiem fakt, \u017ce Adam Wojciechowski para\u0142 si\u0119 komponowaniem utwor\u00f3w muzycznych. Skomponowa\u0142 marsz \u201eNasz Brygadier\u201d, a zeszyt wydany przez wydawnictwo Gebethnera i Wolfa wr\u0119czy\u0142 J\u00f3zefowi Pi\u0142sudskiemu w Belwederze. Spotkanie to zaliczy\u0142 do najpi\u0119kniejszych moment\u00f3w swojego \u017cycia. Nie pozostawiamy w\u0105tpliwo\u015bci, \u017ce nasz bohater otacza\u0142 kultem Marsza\u0142ka. Skomponowa\u0142 tak\u017ce mazurek na fortepian, dedykowany innemu wielkiemu Polakowi \u2013 Ignacemu Janowi Paderewskiemu, a doch\u00f3d ze sprzeda\u017cy publikacji przeznaczy\u0142 na budow\u0119 polskiej marynarki.<\/p>\n<p style=\"text-align: justify;\">&nbsp;<\/p>\n<p style=\"text-align: justify;\">Adam Wojciechowski urodzi\u0142 si\u0119 24 czerwca 1835 roku w Wojciechowicach. Jego rodzicami byli Marcin Wojciechowski \u2013 za\u0142o\u017cyciel Wojciechowic, ekspedytor poczty w Ostro\u0142\u0119ce oraz Izabela z Jab\u0142o\u0144skich. Uczy\u0142 si\u0119 w gimnazjum w \u0141om\u017cy i w Suwa\u0142kach. Nast\u0119pnie dogl\u0105da\u0142 rodzinny maj\u0105tek. Tak jak ojciec wzi\u0105\u0142 udzia\u0142 w powstaniu styczniowym. Chrzest bojowy odby\u0142 w bitwie pod Osuchow\u0105 w oddziale Karola Fryczego. Po rozbiciu oddzia\u0142u ukrywa\u0142 si\u0119 i organizowa\u0142 Kurpi\u00f3w w Puszczy Bia\u0142ej do cel\u00f3w wywiadowczych i przejmowania poczty. Julian Grochowski, komendant II okr\u0119gu miastkowskiego, mianowa\u0142 Adama Wojciechowskiego naczelnikiem wywiadu i \u017candarmerii na powiaty \u0142om\u017cy\u0144ski i ostro\u0142\u0119cki. W prasie znajdujemy r\u00f3wnie\u017c informacje, \u017ce \u201eschwytany, wi\u0119ziony by\u0142 przez kilkana\u015bcie miesi\u0119cy w Ostrowi i Pu\u0142tusku\u201d albo w Ostro\u0142\u0119ce. Jednak w \u015bwietle opracowania Marcina Tadeusza Wojciechowskiego \u2013 prawnuka Adama, wi\u0119zienie zaliczy\u0142 jedynie Marcin Wojciechowski \u2013 ojciec Adama, mianowany przez Rz\u0105d Narodowy komisarzem i skarbnikiem na okr\u0119g ostro\u0142\u0119cki.<\/p>\n<p style=\"text-align: justify;\">W drugiej po\u0142owie lat sze\u015b\u0107dziesi\u0105tych XIX wieku Adam o\u017ceni\u0142 si\u0119 z Wand\u0105 Chrzanowsk\u0105 herbu Suchekomnaty. Mia\u0142 z ni\u0105 sze\u015bcioro dzieci. Jeden z nich \u2013 te\u017c o imieniu Adam \u2013 przekaza\u0142 do muzeum kilka pami\u0105tek, w tym zeszyt z zapisem nutowym mazurka. Do pierwszej wojny weteran mieszka\u0142 w Wojciechowicach. By\u0142 s\u0119dzi\u0105 gminnym w Ostro\u0142\u0119ce. W 1919 roku sprzeda\u0142 zrujnowany maj\u0105tek w Wojciechowicach i zamieszka\u0142 w maj\u0105tku c\u00f3rki w Dziwlach w powiecie piotrkowskim, a nast\u0119pnie w Piotrkowie Trybunalskim.<\/p>\n<p style=\"text-align: justify;\">Zmar\u0142 19 kwietnia 1937 roku, w Szpitalu Ujazdowskim w Warszawie. Prze\u017cy\u0142 102 lata. Pogrzeb Adama Wojciechowskiego by\u0142 patriotyczn\u0105 manifestacj\u0105. Nabo\u017ce\u0144stwo \u017ca\u0142obne, odprawione z ceremonia\u0142em wojskowym, odby\u0142o si\u0119 22 czerwca o godz. 9.30 w ko\u015bciele garnizonowym przy ul. D\u0142ugiej w Warszawie. Nast\u0119pnie zw\u0142oki wyprowadzono do placu Weteran\u00f3w na Pradze. Stamt\u0105d przewiezione zosta\u0142y samochodem do Ostro\u0142\u0119ki. 22 czerwca r\u00f3wnie\u017c w Ostro\u0142\u0119ce odby\u0142y si\u0119 po\u017cegnalne uroczysto\u015bci. Ostro\u0142\u0119czanie, wojsko, harcerze, poczty sztandarowe w asy\u015bcie ksi\u0119\u017cy odprowadzi\u0142y styczniowego powsta\u0144ca na cmentarz, gdzie spocz\u0105\u0142 w rodzinnym grobie.<\/p>\n<p style=\"text-align: justify;\">Adam Wojciechowski nale\u017ca\u0142 do grona tych uczestnik\u00f3w 1863 roku, kt\u00f3rzy do\u017cyli niepodleg\u0142ej Polski i mogli da\u0107 \u015bwiadectwo patriotyzmu. Ubrany w charakterystyczn\u0105 czamar\u0119 \u2013 w surdut weterana powstania styczniowego oraz w czapk\u0119 rogatywk\u0119, ozdobiony odznaczeniami, razem z innymi weteranami cz\u0119sto by\u0142 honorowym go\u015bciem pa\u0144stwowych uroczysto\u015bci, spotka\u0144 z m\u0142odzie\u017c\u0105, rocznic. Obcowanie z weteranami 1863 roku wpisane by\u0142o w system edukacji spo\u0142ecze\u0144stwa II RP. Nie mog\u0142o zabrakn\u0105\u0107 Adama Wojciechowskiego podczas obchod\u00f3w setnej rocznicy bitwy pod Ostro\u0142\u0119k\u0105, kiedy to razem z Mamertem Wandallim by\u0142 go\u015bciem honorowym tej patriotycznej uroczysto\u015bci.<\/p>\n<p>&nbsp;<\/p>\n<p>Fotografie:<br \/>\n1. Adam Wojciechowski, fot. ze zbior\u00f3w Narodowego Archiwum Cyfrowego<br \/>\n2. Nuty, nr inw. MOO\/HA\/177<\/p>\n<p>&nbsp;<\/p>\nngg_shortcode_0_placeholder\n","protected":false},"excerpt":{"rendered":"<p>Dzisiaj przypada 158. rocznica wybuchu powstania styczniowego. Jednym z uczestnik\u00f3w tego zrywu niepodleg\u0142o\u015bciowego by\u0142 mieszkaniec Wojciechowic \u2013 Adam Wojciechowski.<\/p>\n","protected":false},"author":3,"featured_media":6099,"comment_status":"closed","ping_status":"closed","sticky":false,"template":"","format":"standard","meta":{"_acf_changed":false,"_lmt_disableupdate":"","_lmt_disable":"","_monsterinsights_skip_tracking":false,"_monsterinsights_sitenote_active":false,"_monsterinsights_sitenote_note":"","_monsterinsights_sitenote_category":0,"ngg_post_thumbnail":0,"footnotes":""},"categories":[3,55],"tags":[],"class_list":["post-6098","post","type-post","status-publish","format-standard","has-post-thumbnail","hentry","category-aktualnosci","category-wirtualne-muzeum"],"acf":[],"modified_by":"Daniel Go\u0142a\u015b","_links":{"self":[{"href":"https:\/\/muzeum.ostroleka.pl\/index.php?rest_route=\/wp\/v2\/posts\/6098","targetHints":{"allow":["GET"]}}],"collection":[{"href":"https:\/\/muzeum.ostroleka.pl\/index.php?rest_route=\/wp\/v2\/posts"}],"about":[{"href":"https:\/\/muzeum.ostroleka.pl\/index.php?rest_route=\/wp\/v2\/types\/post"}],"author":[{"embeddable":true,"href":"https:\/\/muzeum.ostroleka.pl\/index.php?rest_route=\/wp\/v2\/users\/3"}],"replies":[{"embeddable":true,"href":"https:\/\/muzeum.ostroleka.pl\/index.php?rest_route=%2Fwp%2Fv2%2Fcomments&post=6098"}],"version-history":[{"count":1,"href":"https:\/\/muzeum.ostroleka.pl\/index.php?rest_route=\/wp\/v2\/posts\/6098\/revisions"}],"predecessor-version":[{"id":6100,"href":"https:\/\/muzeum.ostroleka.pl\/index.php?rest_route=\/wp\/v2\/posts\/6098\/revisions\/6100"}],"wp:featuredmedia":[{"embeddable":true,"href":"https:\/\/muzeum.ostroleka.pl\/index.php?rest_route=\/wp\/v2\/media\/6099"}],"wp:attachment":[{"href":"https:\/\/muzeum.ostroleka.pl\/index.php?rest_route=%2Fwp%2Fv2%2Fmedia&parent=6098"}],"wp:term":[{"taxonomy":"category","embeddable":true,"href":"https:\/\/muzeum.ostroleka.pl\/index.php?rest_route=%2Fwp%2Fv2%2Fcategories&post=6098"},{"taxonomy":"post_tag","embeddable":true,"href":"https:\/\/muzeum.ostroleka.pl\/index.php?rest_route=%2Fwp%2Fv2%2Ftags&post=6098"}],"curies":[{"name":"wp","href":"https:\/\/api.w.org\/{rel}","templated":true}]}}